{"id":2071,"date":"2022-07-24T20:33:16","date_gmt":"2022-07-24T18:33:16","guid":{"rendered":"https:\/\/dgp.gouv.sn\/?p=2071"},"modified":"2025-01-03T20:26:19","modified_gmt":"2025-01-03T19:26:19","slug":"la-philosophie-du-hadj-a-la-lumiere-du-coran-et-de-la-sonnasermon-darafat-a-ledition-2022-du-hadj","status":"publish","type":"post","link":"https:\/\/dgp.gouv.sn\/index.php\/2022\/07\/24\/la-philosophie-du-hadj-a-la-lumiere-du-coran-et-de-la-sonnasermon-darafat-a-ledition-2022-du-hadj\/","title":{"rendered":"La philosophie du Hadj \u00e0 la lumi\u00e8re du Coran et de la Sonna Sermon d\u2019Arafat \u00e0 l\u2019Edition 2022 du Hadj"},"content":{"rendered":"\t\t<div data-elementor-type=\"wp-post\" data-elementor-id=\"2071\" class=\"elementor elementor-2071\" data-elementor-post-type=\"post\">\n\t\t\t\t\t\t<section class=\"elementor-section elementor-top-section elementor-element elementor-element-da94968 elementor-section-boxed elementor-section-height-default elementor-section-height-default\" data-id=\"da94968\" data-element_type=\"section\">\n\t\t\t\t\t\t<div class=\"elementor-container elementor-column-gap-default\">\n\t\t\t\t\t<div class=\"elementor-column elementor-col-100 elementor-top-column elementor-element elementor-element-429b7b5\" data-id=\"429b7b5\" data-element_type=\"column\">\n\t\t\t<div class=\"elementor-widget-wrap elementor-element-populated\">\n\t\t\t\t\t\t<div class=\"elementor-element elementor-element-4fab5df elementor-widget elementor-widget-image\" data-id=\"4fab5df\" data-element_type=\"widget\" data-widget_type=\"image.default\">\n\t\t\t\t<div class=\"elementor-widget-container\">\n\t\t\t\t\t\t\t\t\t\t\t\t\t\t\t<img fetchpriority=\"high\" decoding=\"async\" width=\"300\" height=\"300\" src=\"https:\/\/dgp.gouv.sn\/wp-content\/uploads\/2022\/07\/WhatsApp-Image-2022-07-18-at-12.20.38-300x300.jpeg\" class=\"attachment-medium size-medium wp-image-2072\" alt=\"\" srcset=\"https:\/\/dgp.gouv.sn\/wp-content\/uploads\/2022\/07\/WhatsApp-Image-2022-07-18-at-12.20.38-300x300.jpeg 300w, https:\/\/dgp.gouv.sn\/wp-content\/uploads\/2022\/07\/WhatsApp-Image-2022-07-18-at-12.20.38-150x150.jpeg 150w, https:\/\/dgp.gouv.sn\/wp-content\/uploads\/2022\/07\/WhatsApp-Image-2022-07-18-at-12.20.38-768x768.jpeg 768w, https:\/\/dgp.gouv.sn\/wp-content\/uploads\/2022\/07\/WhatsApp-Image-2022-07-18-at-12.20.38.jpeg 809w\" sizes=\"(max-width: 300px) 100vw, 300px\" \/>\t\t\t\t\t\t\t\t\t\t\t\t\t\t\t<\/div>\n\t\t\t\t<\/div>\n\t\t\t\t\t<\/div>\n\t\t<\/div>\n\t\t\t\t\t<\/div>\n\t\t<\/section>\n\t\t\t\t<section class=\"elementor-section elementor-top-section elementor-element elementor-element-b751ce2 elementor-section-boxed elementor-section-height-default elementor-section-height-default\" data-id=\"b751ce2\" data-element_type=\"section\">\n\t\t\t\t\t\t<div class=\"elementor-container elementor-column-gap-default\">\n\t\t\t\t\t<div class=\"elementor-column elementor-col-100 elementor-top-column elementor-element elementor-element-38d91ae\" data-id=\"38d91ae\" data-element_type=\"column\">\n\t\t\t<div class=\"elementor-widget-wrap elementor-element-populated\">\n\t\t\t\t\t\t<div class=\"elementor-element elementor-element-8af530b elementor-widget elementor-widget-heading\" data-id=\"8af530b\" data-element_type=\"widget\" data-widget_type=\"heading.default\">\n\t\t\t\t<div class=\"elementor-widget-container\">\n\t\t\t\t\t<h4 class=\"elementor-heading-title elementor-size-default\">Dr Khadim SYLLA<br><br>Ancien D\u00e9l\u00e9gu\u00e9 G\u00e9n\u00e9ral Adjoint au P\u00e8lerinage<\/h4>\t\t\t\t<\/div>\n\t\t\t\t<\/div>\n\t\t\t\t\t<\/div>\n\t\t<\/div>\n\t\t\t\t\t<\/div>\n\t\t<\/section>\n\t\t\t\t<section class=\"elementor-section elementor-top-section elementor-element elementor-element-b8a3bbb elementor-section-boxed elementor-section-height-default elementor-section-height-default\" data-id=\"b8a3bbb\" data-element_type=\"section\">\n\t\t\t\t\t\t<div class=\"elementor-container elementor-column-gap-default\">\n\t\t\t\t\t<div class=\"elementor-column elementor-col-100 elementor-top-column elementor-element elementor-element-8f0e553\" data-id=\"8f0e553\" data-element_type=\"column\">\n\t\t\t<div class=\"elementor-widget-wrap elementor-element-populated\">\n\t\t\t\t\t\t<div class=\"elementor-element elementor-element-e406056 elementor-widget elementor-widget-text-editor\" data-id=\"e406056\" data-element_type=\"widget\" data-widget_type=\"text-editor.default\">\n\t\t\t\t<div class=\"elementor-widget-container\">\n\t\t\t\t\t\t\t\t\t<p>Au nom d\u2019Allah, Le Cl\u00e9ment, le Mis\u00e9ricordieux. Gloire \u00e0 Allah Seigneur des Univers.<\/p><p>\u00a0Que le salut et la b\u00e9n\u00e9diction soient accord\u00e9s au plus noble des Messagers, \u00e0 sa famille, \u00e0 ses compagnons et aux suiveurs de leurs traces, jusqu\u2019au jour de la V\u00e9rit\u00e9.<\/p><p>Chers invit\u00e9s d\u2019Allah ; vous qui avez r\u00e9pondu \u00e0 Son appel :<\/p><p>\u00a0 \u00a0 \u00a0 \u00a0 \u00a0 \u00a0<i><b>Asalaamu alaykum wa rahmatul laahi wa barakaatuhuu<\/b><\/i><\/p><p>Permettez-moi, tout d\u2019abord, de vous f\u00e9liciter \u00e0 l\u2019occasion de ce Hadj, suite aux deux derni\u00e8res \u00e9ditions qui furent parmi les plus difficiles dans l\u2019histoire de l\u2019Islam. Aucun p\u00e8lerin d\u2019ext\u00e9rieur n\u2019avait pu effectuer le voyage depuis 2019, \u00e0 cause de la virulence du Covid-19 qui n\u2019a \u00e9pargn\u00e9 rien ni personne. Heureusement, Allah vous a \u00ab\u00a0s\u00e9lectionn\u00e9s\u00a0\u00bb, mal gr\u00e9 bon gr\u00e9 l\u2019existence de ce fl\u00e9au, parmi des millions de fid\u00e8les fournissant tout effort imaginable. Qu\u2019Allah soit Lou\u00e9 !<\/p><p>Chers p\u00e8lerins s\u00e9n\u00e9galais :<\/p><p>A cause des diff\u00e9rents obstacles, dont le temps court entre l\u2019annonce de la tenue du Hadj, la date du voyage et les lots de difficult\u00e9s corolaires, l\u2019\u00e9dition de cette ann\u00e9e est exceptionnelle, \u00e0 tout \u00e9gard. Mais, en d\u00e9pit des probl\u00e8mes, et notamment la chert\u00e9 du package relativement aux \u00e9ditions pr\u00e9c\u00e9dentes, vous avez surmont\u00e9 toutes ces \u00e9preuves, dans le seul but de r\u00e9pondre \u00e0 l\u2019appel d\u2019Allah.<\/p><p>Cet appel solennel d\u2019Allah fut lanc\u00e9 par Ibrahima, r\u00e9f\u00e9rent de tous les Messagers, Seydina Mouhammad (PSL) en premier lieu, et Le Seigneur lui garantit l\u2019afflux des fid\u00e8les de tout bord, par diff\u00e9rents moyens de transport. Certains iront m\u00eame \u00e0 pieds. Mieux, tous les venants y trouveront des gains de toute nature, proportionnellement \u00e0 leurs pr\u00e9d\u00e9terminations et leurs d\u00e9vouements dans l\u2019ex\u00e9cution des rites.<\/p><p>Honorables p\u00e8lerins ;<\/p><p>Le Hadj est un rite \u00e0 dominante \u00e9ducative ; spirituelle, morale, psychologique et p\u00e9cuniaire. Le P\u00e8lerinage englobe, en son sein, tous les actes dont le Proph\u00e8te (PSL) usait pour \u00e9lever, int\u00e9rieurement, ces diff\u00e9rents compagnons, dans leurs cheminements spirituels. Du coup, ce pilier sert pour une retraite spirituelle qui qui a pour objet d\u2019assurer une \u00e9ducation durable du fid\u00e8le, apr\u00e8s son retour au pays. Nous allons vous proposer, en quelques mots, les diff\u00e9rents aspects de cette \u00e9ducation :<\/p><ul><li>L\u2019\u00e9ducation spirituelle :<\/li><\/ul><p>Rappelons que les d\u00e9lices les plus d\u00e9sir\u00e9s deviennent prohib\u00e9s, d\u00e8s la sacralisation. Ainsi, le p\u00e8lerin s\u2019abstient des beaux v\u00eatements, des bijoux, des rapports charnels et d\u2019autres comportements tol\u00e9r\u00e9s en temps normal.<\/p><p>Hormis ses piliers (Tawaaf, \u00c7afa et Marwa et Arafat), obligations et autres rites, le Hadj nous recommande le dhikr (invocation d\u2019Allah), en respect de la formule de labbayka prononc\u00e9e d\u00e8s l\u2019entame du P\u00e8lerinage. Cette formule consiste \u00e0 s\u2019engager fermement \u00e0 l\u2019adoration d\u2019Allah, L\u2019Unique Divinit\u00e9, par l\u2019attestation de Son Unicit\u00e9 et la reconnaissance de Ses gr\u00e2ces. Dans ce sillage, le Tout-Puissant alerte le fid\u00e8le et lui recommande de bien g\u00e9rer le temps, apr\u00e8s Arafat et entre les p\u00e9riodes d\u2019ex\u00e9cution des rites, en r\u00e9citant les Noms Sublime du Cr\u00e9ateur. Il dit \u00e0 ce sujet :<\/p><p>\u00a0 \u00a0 &#8211; \u00ab Quand vous d\u00e9ferlez depuis Arafat, invoquez Allah \u00e0 Al-Machar Al-Haram [Mouzdalipha] et invoquez-Le, parce qu\u2019Il vous a montr\u00e9 la bonne voie\u00a0\u00bb La Vache\/198.<\/p><p>\u00a0 \u00a0 &#8211; \u00ab Invoquez Allah pendant des jours d\u00e9termin\u00e9s \u00bb. La Vache\/203.<\/p><p>\u00a0 \u00a0 &#8211; \u00ab Prononcez donc sur eux [sacrifices] le nom d\u2019Allah quand ils ont eu la patte attach\u00e9e [pr\u00eats \u00e0 \u00eatre immol\u00e9s] \u00bb. Le P\u00e8lerinage\/36.<\/p><p>Force est de constater que cette \u00e9ducation a pour objet d\u2019\u00e9lever l\u2019\u00e2me du musulman dans son ascension spirituelle.<\/p><ul><li>L\u2019\u00e9ducation morale :<\/li><\/ul><p>Allah dit :<\/p><p>\u00ab Le Hadj a lieu dans des mois connus. Si l\u2019on se d\u00e9cide de l\u2019accomplir, alors point de rapport sexuel, point de perversit\u00e9, point de dispute pendant le P\u00e8lerinage \u00bb. La Vache\/197. Cela dit, les querelles sont formellement interdites.<\/p><p>En outre, quand le p\u00e8lerin quitte M\u00e9dine en partance pour La Mecque, il rencontre, pour la premi\u00e8re fois, des gens avec qui il sera oblig\u00e9 de cohabiter. Pourtant, d\u2019aucuns sont nerveux, d\u2019autres irrit\u00e9s et de mauvais humeur. La tol\u00e9rance et l\u2019endurance devront l\u2019emporter sur la revendication. Au lieu de commettre l\u2019injustice, il faut faire preuve de d\u00e9passement, non seulement avec les hommes, mais \u00e9galement, avec les pouces et fourmis qui mordent le p\u00e8lerin. C\u2019est le sens de la rectitude aussi bien entre le serviteur et son Seigneur qu\u2019avec les autres, quel que soit le rapport qui les lie : parent\u00e9, voisinage, travail, loyer, etc.<\/p><ul><li>L\u2019\u00e9ducation p\u00e9cuniaire :<\/li><\/ul><p>La d\u00e9pense de son argent pour l\u2019agr\u00e9ment d\u2019Allah constitue un moyen d\u2019\u00e9l\u00e9vation qui a valu \u00e0 nombre d\u2019\u00e9lus d\u2019acc\u00e9der au cercle c\u00e9leste restreint. L\u2019exemple d\u2019Abou Bakr est illustratif. Lorsqu\u2019il est d\u00e9sign\u00e9 comme Khalife, suite au rappel \u00e0 Allah du Proph\u00e8te, personne n\u2019a exprim\u00e9 son d\u00e9saccord, eu \u00e9gard \u00e0 ses \u0153uvres, en mati\u00e8re de d\u00e9pense dans la cause de l\u2019Islam. Mais, cette reconnaissance n\u2019est pas due \u00e0 ses pri\u00e8res, son je\u00fbne ou autres actes de culte obligatoires. Allah dit : \u00ab Vous n\u2019atteindrez pas la bonnet\u00e9 pieuse que si vous faites largesses de ce que vous ch\u00e9rissez. \u00bb. Famille Imran\/92. Dans un autre passage, Il enrichit : \u00ab La bonnet\u00e9 pieuse est de\u2026 donner son bien, quel qu\u2019amour qu\u2019on a ait, aux proches, aux orphelins, aux n\u00e9cessiteux\u2026 \u00bb. La Vache\/177.<\/p><p>Le p\u00e8lerin d\u00e9caisse de grosses sommes, pour couvrir le tarif du billet et les autres frais dus au s\u00e9jour, au transport et \u00e0 la restauration. Le tout, dans le but d\u2019atteindre l\u2019agr\u00e9ment d\u2019Allah. De retour du Hadj, il doit perp\u00e9tuer ce comportement de g\u00e9n\u00e9rosit\u00e9 et de partage.<\/p><ul><li>L\u2019\u00e9ducation sociale<\/li><\/ul><p>Le Hadj contribue au tissage et \u00e0 la consolidation des rapports sociaux entre les p\u00e8lerins d\u2019horizons \u00e9loign\u00e9s les uns des autres. Ainsi, les d\u00e9sormais nouveaux amis se rendront des visites, se donneront en mariage leurs filles et s\u0153urs et nomment leurs enfants en l\u2019honneur des uns et des autres.<\/p><p>Vous \u00eates appel\u00e9s, chers p\u00e8lerins, \u00e0 renforcer les liens d\u00e9j\u00e0 tiss\u00e9s avec vos \u00ab jumeaux du Hadj \u00bb et les conserver au sortir de ce congr\u00e8s religieux.<\/p><ul><li>Les int\u00e9r\u00eats \u00e9conomiques :<\/li><\/ul><p>Le Hadj g\u00e9n\u00e8re d\u2019\u00e9normes gains \u00e9conomiques. Car, les p\u00e8lerins de diff\u00e9rentes localit\u00e9s s\u00e9n\u00e9galaises (Kadior, Saloum, Baol, etc) s\u2019\u00e9changent d\u2019exp\u00e9riences en mati\u00e8re d\u2019agriculture, de commerce, d\u2019\u00e9levage et de m\u00e9tiers, suivant le verset coranique : \u00ab Pour participer aux avantages qui leur ont \u00e9t\u00e9 accord\u00e9s \u00bb. Le P\u00e8lerinage\/28. Tout de m\u00eame, le plus important de tous les avantages du Hadj se r\u00e9sume en la pi\u00e9t\u00e9, comme le dit le Saint Coran : \u00ab Et prenez vos provisions. Mais, vraiment, la meilleure des provisions est la pi\u00e9t\u00e9. \u00bb. La Vache\/197.<\/p><p>La pi\u00e9t\u00e9 :<\/p><p>Les chefs religieux doivent se servir des exemples de nos a\u00efeux vertueux, tels El Hadji Mamadou Lamine Dram\u00e9, El Hadji Oumar Foutiyou, El Hadji Malick Sy, El Hadji Abdoulaye Niasse, Mame Cheikh Anta Mback\u00e9, Serigne Fallou Mback\u00e9, Serigne Mback\u00e9 Bousso, El Hadji Ahmadou D\u00e8me de Sokone, El Hadj Mouhamed Sa\u00efdou Ba de Gounas, El Hadji Ibrahima Niasse, Cheikh Mouhamed Hady Tour\u00e9, El Hadji Abdoul Aziz Dabakh Serigne Cheikh Ga\u00efnd\u00e9 Fatma, pour ne citer que ceux-ci. Par \u00ab\u00a0Taqwa\u00a0\u00bb, chacun de ces illustres a consid\u00e9rablement redoubl\u00e9 d\u2019efforts dans le service de l\u2019Islam et de sa communaut\u00e9, apr\u00e8s son retour du Hadj. De ce fait, nous pourrons dire qu\u2019il y a dans la vie de chacun d\u2019entre eux, un avant et un apr\u00e8s Hadj.<\/p><p>La religion et la communaut\u00e9 ont besoin des efforts des marabouts dans l\u2019enseignement et l\u2019\u00e9ducation des jeunes, beaucoup plus qu\u2019elles n\u2019en avaient auparavant, vu la menace r\u00e9elle qui p\u00e8se sur les deux actuellement. En cela, il faut que ces distingu\u00e9s travaillent diligemment dans l\u2019\u00e9ducation des enfants sous leur tutelle.<\/p><p>Les imams, oul\u00e9mas et enseignants devront, \u00e9galement jouer leur partition dans ce processus d\u2019initiation, tout en commen\u00e7ant par eux m\u00eame et leur famille. Parce que l\u2019imitation du comportement est la meilleure des mani\u00e8res d\u2019apprendre. Il faut \u00e9galement revoir la mission des mosqu\u00e9es qui devront traiter toutes les questions de la soci\u00e9t\u00e9, comme la m\u00e9diation sociale, la sensibilisation des riches \u00e0 l\u2019Aum\u00f4ne l\u00e9gale et au partage, pour subvenir aux besoins des plus d\u00e9munis.<\/p><p>Les gouvernants, aussi, ont une lourde responsabilit\u00e9 envers leurs gouvern\u00e9s pour qui ils doivent ouvrir leurs portes, leurs t\u00e9l\u00e9phones et leur tendre les oreilles, avec modestie, et abn\u00e9gation requises dans l\u2019exercice de leur mission, sans avoir demand\u00e9 ou re\u00e7u de contrepartie. Sinon, ce serait de la corruption. Car, les biens publics sont propri\u00e9t\u00e9s de tous les citoyens. Le Proph\u00e8te (PSL) dit : \u00ab chacun de vous est berger et responsable de son troupeau \u00bb. Bokhari, Hadith 2409. Ladite responsabilit\u00e9 est applicable aux directeurs, chefs de service, de quelque niveau qu\u2019il soit. Tous doivent mettre en exercice les enseignements du Hadj \u00e0 l\u2019endroit de leurs employ\u00e9s ou subordonn\u00e9s.<\/p><p>Les riches ont, de leurs c\u00f4t\u00e9s, une le\u00e7on morale formidable \u00e0 retenir de la sacralisation qui renvoie \u00e0 l\u2019origine de l\u2019homme, \u00e0 sa naissance, \u00e0 l\u2019\u00e9galit\u00e9 humaine. La richesse n\u2019est effort de personne, mais, plut\u00f4t la volont\u00e9 d\u2019Allah.<\/p><p>\u00a0 \u00a0 Chers fr\u00e8res et s\u0153urs p\u00e8lerins ;<\/p><p>Ayons dans l\u2019esprit ce jour b\u00e9ni d\u2019Arafat o\u00f9 nous sommes pr\u00e9sents ainsi que les moments qui s\u2019en suivront comme Mouzdalipha et la circumambulation \u00e0 La Mecque. C\u2019est apr\u00e8s que nous retournerons \u00e0 Mouna pour y passer deux ou trois jours, avant de regagner la Ville sainte et de pr\u00e9parer le retour au pays.<\/p><h2><b>La place des guides religieux dans la stabilit\u00e9 du S\u00e9n\u00e9gal<\/b><\/h2><p>Le<b> <\/b>S\u00e9n\u00e9gal est privil\u00e9gi\u00e9 par Allah parmi tous les autres pays du monde, Avec ses 95 % des musulmans appartenant aux entit\u00e9s dont les guides sont, religieusement, \u00e9cout\u00e9s et leurs instructions bien suivies, m\u00eame en p\u00e9riode de crise. A vrai dire, ce pays doit sa stabilit\u00e9 \u00e0 ces guides religieux qui, par leur posture, pr\u00e9servent le S\u00e9n\u00e9gal contre le feu des troubles br\u00fbl\u00e9s un peu partout dans le monde et dans les pays voisins en particulier. Nous sollicitons aux p\u00e8lerins et aux concitoyens d\u2019admettre leur place et de leur ob\u00e9ir.<\/p><p>Mais, malheureusement, les ennemis de l\u2019Islam, y compris les imposteurs qui se revendiquent de la religion, \u0153uvrent d\u2019arrache-pied pour \u00e9radiquer le \u00ab\u00a0Ndigeul\u00a0\u00bb, le \u00ab\u00a0leadership religieux\u00a0\u00bb, en tenant des propos d\u00e9plac\u00e9s \u00e0 l\u2019endroit de ces hommes valeureux ; garants de l\u2019h\u00e9ritage du Proph\u00e8te (PSL) et successeurs des grandes figures musulmanes du S\u00e9n\u00e9gal. Cela va de soi pour nos relations avec les institutions qui symbolisent la R\u00e9publique. Nous leur devons l\u2019ob\u00e9issance, tant qu\u2019ils ne transgressent pas les enseignements islamiques. Allah dit : \u00ab Vous qui avez cru ! Ob\u00e9issez \u00e0 Allah, au Messager et \u00e0 ceux qui, d\u2019entre vous, d\u00e9tiennent l\u2019autorit\u00e9. \u00bb. Car, la paix est pr\u00e9cieuse, mais, elle n\u2019est appr\u00e9ci\u00e9e qu\u2019apr\u00e8s l\u2019avoir perdue. Allah nous pr\u00e9vient : \u00ab M\u00e9fiez-vous d\u2019une calamit\u00e9 qui n\u2019affligera, exclusivement pas, les injustes parmi vous \u00bb. Butin\/25.<\/p><p>Certes, la correction est un devoir religieux, mais, la politesse et le retenu sont indispensables, comme nous le recommande le Saint Coran : \u00ab Appelle vers le sentier de ton Seigneur par la sagesse et la bonne exhortation \u00bb Abeille\/125.<\/p><p>\u00a0 \u00a0 Aimables concitoyens ;<\/p><p>Notre cher pays subit de transformations brutales et effrayantes, \u00e0 cause de la d\u00e9linquance, de la violence et de l\u2019amour d\u2019argent facile. Pire, la r\u00e9f\u00e9rence des jeunes n\u2019est plus que les r\u00e9seaux sociaux, au moment o\u00f9 les parents ont, presque, d\u00e9missionn\u00e9 de leur responsabilit\u00e9. Ce qui exige aux g\u00e9rants d\u2019\u00e9coles coraniques de revenir \u00e0 l\u2019orthodoxie et d\u2019accorder la primaut\u00e9 \u00e0 l\u2019\u00e9ducation, suivant le Proph\u00e8te (PSL) qui \u00e9tait enseignant et \u00e9ducateur \u00e0 la fois : \u00ab C\u2019est Lui qui a envoy\u00e9, aux illettr\u00e9s, un Messager des leurs qui leur r\u00e9cite Ses versets, les purifie et leur enseigne le Livre et la sagesse \u00bb. Diouma\/2. Puisque, le savoir sans la conscience n\u2019a pas d\u2019utilit\u00e9.<\/p><p>Sur ce, faut-il s\u2019interroger sur l\u2019\u00e9tat actuel. Comment concevoir que, dans un pays de 95 % de musulmans, les informations les plus suivies dans les m\u00e9dias sont les faits divers ? Pire, des groupes imbus du mal s\u2019attachent \u00e0 partager des contenus de diffamation sur les r\u00e9seaux sociaux. Or, Allah est cat\u00e9gorique l\u00e0-dessus : \u00ab Ceux qui aiment que la turpitude se r\u00e9pande parmi les croyants auront un ch\u00e2timent douloureux, ici-bas et dans l\u2019au-del\u00e0 \u00bb. La Lumi\u00e8re\/19.<\/p><p>\u00a0 \u00a0 Chers fr\u00e8res,<\/p><p>Apr\u00e8s le s\u00e9jour de Munaa, chacun retourne \u00e0 La Mecque et proc\u00e8de \u00e0 l\u2019achat des valises qui devraient contenir des effets pour les amis et familles et faire le tout pour les prot\u00e9ger. Mais, il faudra autant s\u00e9curiser nos r\u00e9compenses obtenues du Hadj contre les actes bl\u00e2mables.<\/p><p>A cette occasion, j\u2019appelle tout le monde \u00e0 \u00e9viter de transformer les chambres en meetings et campagnes politiques, bien que l\u2019\u00e9lection d\u2019un Pr\u00e9sident ou d\u2019un repr\u00e9sentant du peuple soit une obligation. Car, la politique \u00e0 la s\u00e9n\u00e9galaise consiste \u00e0 magnifier son mentor et lui attribuer toutes les bonnes qualit\u00e9s, tout en consid\u00e9rant l\u2019autre source de tous les maux du monde. De m\u00eame, le croyant doit s\u2019abstenir de toute discussion inutile touchant la vie priv\u00e9e des gens. Le d\u00e9fi est d\u2019entrer en comp\u00e9tition dans les bonnes \u0153uvres et non dans les mauvaises actions, telles la m\u00e9disance et le dispute.<\/p><p>\u00a0 \u00a0 Chers p\u00e8lerins ;<\/p><p>Avant de finir, nous vous pr\u00e9sentons nos excuses, au nom du Professeur Abdou Aziz K\u00e9b\u00e9, D\u00e9l\u00e9gu\u00e9 G\u00e9n\u00e9ral au P\u00e8lerinage, pour le d\u00e9sagr\u00e9ment que vous avez v\u00e9cu, depuis les inscriptions, jusqu\u2019\u00e0 la fin, en passant par la plateforme, le voyage et le s\u00e9jour \u00e0 M\u00e9dine.<\/p><p>Cet \u00e9tat trouve son explication dans la r\u00e9duction du quota \u00e0 45 %, apr\u00e8s deux ans d\u2019arr\u00eat et le ruche des postulants au Hadj. Tellement, nous avons \u00e0 c\u0153ur de servir les invit\u00e9s d\u2019Allah. Mais, l\u2019imperfection est humaine. La D\u00e9l\u00e9gation G\u00e9n\u00e9rale au P\u00e8lerinage vous r\u00e9it\u00e8re encore une fois, ses excuses les plus sinc\u00e8res et vous souhaite l\u2019exauce des bonnes \u0153uvres.<\/p><p>Nous saisissons cette opportunit\u00e9 pour f\u00e9liciter le Pr\u00e9sident de la R\u00e9publique, Monsieur Macky SALL, pour sa vision clairvoyante, ses orientations, sa confiance et son soutien infaillible \u00e0 la D\u00e9l\u00e9gation G\u00e9n\u00e9rale au P\u00e8lerinage. Qu\u2019Allah lui accorde succ\u00e8s et r\u00e9ussite dans ses services pour le S\u00e9n\u00e9gal et les s\u00e9n\u00e9galais.<\/p><p>Nos remerciements vont \u00e9galement \u00e0 Son Excellence, Madame Aminata Tall SALL, Ministre des Affaires Etrang\u00e8res et des S\u00e9n\u00e9galais de l\u2019Ext\u00e9rieur.<\/p><p>Le Professeur Abdou Aziz KEBE, D\u00e9l\u00e9gu\u00e9 G\u00e9n\u00e9ral nous accompagne, depuis Dakar, par ses instructions bienveillantes. Nous lui t\u00e9moignons notre vive reconnaissance !<\/p><p>J\u2019associe \u00e0 ces remerciements le personnel qui a particip\u00e9 \u00e0 la r\u00e9ussite de cette mission, \u00e0 Dakar comme en Arabie, et notamment, le Consul G\u00e9n\u00e9ral qui n\u2019a m\u00e9nag\u00e9 aucun effort. Son apport nous est d\u2019une utilit\u00e9 indescriptible. Qu\u2019il en soit remerci\u00e9 !<\/p><p>Enfin, Nous implorons Allah de faire r\u00e9gner la paix dans notre cher pays, de guider nos responsables vers l\u2019int\u00e9r\u00eat des gouvern\u00e9s, de nous accorder un Hadj accompli, des \u0153uvres r\u00e9compens\u00e9es, de nous pardonner les p\u00e9ch\u00e9s et de r\u00e9pandre Sa mis\u00e9ricorde sur les d\u00e9funts musulmans.<\/p><p><i>\u00a0 \u00a0 <b>Was-salaamou alykum wa rahmatullaahi wa barakaatuhuu.<\/b><\/i><\/p><p>Arafat, Vendredi, jour d\u2019Arafat 1443H<\/p><p>08 Juillet 2022.<\/p>\t\t\t\t\t\t\t\t<\/div>\n\t\t\t\t<\/div>\n\t\t\t\t\t<\/div>\n\t\t<\/div>\n\t\t\t\t\t<\/div>\n\t\t<\/section>\n\t\t\t\t<section class=\"elementor-section elementor-top-section elementor-element elementor-element-9e507c5 elementor-section-boxed elementor-section-height-default elementor-section-height-default\" data-id=\"9e507c5\" data-element_type=\"section\">\n\t\t\t\t\t\t<div class=\"elementor-container elementor-column-gap-default\">\n\t\t\t\t\t<div class=\"elementor-column elementor-col-100 elementor-top-column elementor-element elementor-element-35ec7d6\" data-id=\"35ec7d6\" data-element_type=\"column\">\n\t\t\t<div class=\"elementor-widget-wrap elementor-element-populated\">\n\t\t\t\t\t\t<div class=\"elementor-element elementor-element-04215ca elementor-align-center elementor-widget elementor-widget-button\" data-id=\"04215ca\" data-element_type=\"widget\" data-widget_type=\"button.default\">\n\t\t\t\t<div class=\"elementor-widget-container\">\n\t\t\t\t\t\t\t\t\t<div class=\"elementor-button-wrapper\">\n\t\t\t\t\t<a class=\"elementor-button elementor-button-link elementor-size-sm\" href=\"#\">\n\t\t\t\t\t\t<span class=\"elementor-button-content-wrapper\">\n\t\t\t\t\t\t\t\t\t<span class=\"elementor-button-text\">Version PDF<\/span>\n\t\t\t\t\t<\/span>\n\t\t\t\t\t<\/a>\n\t\t\t\t<\/div>\n\t\t\t\t\t\t\t\t<\/div>\n\t\t\t\t<\/div>\n\t\t\t\t\t<\/div>\n\t\t<\/div>\n\t\t\t\t\t<\/div>\n\t\t<\/section>\n\t\t\t\t<\/div>\n\t\t","protected":false},"excerpt":{"rendered":"<p>&#8211;<\/p>\n","protected":false},"author":1,"featured_media":1668,"comment_status":"open","ping_status":"open","sticky":false,"template":"","format":"standard","meta":{"qubely_global_settings":"","qubely_interactions":"","_kad_post_transparent":"","_kad_post_title":"","_kad_post_layout":"","_kad_post_sidebar_id":"","_kad_post_content_style":"","_kad_post_vertical_padding":"","_kad_post_feature":"","_kad_post_feature_position":"","_kad_post_header":false,"_kad_post_footer":false,"footnotes":""},"categories":[22,9],"tags":[],"class_list":["post-2071","post","type-post","status-publish","format-standard","has-post-thumbnail","hentry","category-haut","category-urgence"],"qubely_featured_image_url":{"full":["https:\/\/dgp.gouv.sn\/wp-content\/uploads\/2022\/06\/thumbs_b_c_b8318a44895e6efb5111fb734a6d9dd5.jpg",864,486,false],"landscape":["https:\/\/dgp.gouv.sn\/wp-content\/uploads\/2022\/06\/thumbs_b_c_b8318a44895e6efb5111fb734a6d9dd5.jpg",864,486,false],"portraits":["https:\/\/dgp.gouv.sn\/wp-content\/uploads\/2022\/06\/thumbs_b_c_b8318a44895e6efb5111fb734a6d9dd5-540x320.jpg",540,320,true],"thumbnail":["https:\/\/dgp.gouv.sn\/wp-content\/uploads\/2022\/06\/thumbs_b_c_b8318a44895e6efb5111fb734a6d9dd5-150x150.jpg",150,150,true],"medium":["https:\/\/dgp.gouv.sn\/wp-content\/uploads\/2022\/06\/thumbs_b_c_b8318a44895e6efb5111fb734a6d9dd5-300x169.jpg",300,169,true],"medium_large":["https:\/\/dgp.gouv.sn\/wp-content\/uploads\/2022\/06\/thumbs_b_c_b8318a44895e6efb5111fb734a6d9dd5-768x432.jpg",768,432,true],"large":["https:\/\/dgp.gouv.sn\/wp-content\/uploads\/2022\/06\/thumbs_b_c_b8318a44895e6efb5111fb734a6d9dd5.jpg",864,486,false],"1536x1536":["https:\/\/dgp.gouv.sn\/wp-content\/uploads\/2022\/06\/thumbs_b_c_b8318a44895e6efb5111fb734a6d9dd5.jpg",864,486,false],"2048x2048":["https:\/\/dgp.gouv.sn\/wp-content\/uploads\/2022\/06\/thumbs_b_c_b8318a44895e6efb5111fb734a6d9dd5.jpg",864,486,false],"qubely_landscape":["https:\/\/dgp.gouv.sn\/wp-content\/uploads\/2022\/06\/thumbs_b_c_b8318a44895e6efb5111fb734a6d9dd5.jpg",864,486,false],"qubely_portrait":["https:\/\/dgp.gouv.sn\/wp-content\/uploads\/2022\/06\/thumbs_b_c_b8318a44895e6efb5111fb734a6d9dd5-540x320.jpg",540,320,true],"qubely_thumbnail":["https:\/\/dgp.gouv.sn\/wp-content\/uploads\/2022\/06\/thumbs_b_c_b8318a44895e6efb5111fb734a6d9dd5-140x100.jpg",140,100,true]},"qubely_author":{"display_name":"admindgp","author_link":"https:\/\/dgp.gouv.sn\/index.php\/author\/admindgp\/"},"qubely_comment":0,"qubely_category":"<a href=\"https:\/\/dgp.gouv.sn\/index.php\/category\/haut\/\" rel=\"category tag\">haut<\/a> <a href=\"https:\/\/dgp.gouv.sn\/index.php\/category\/urgence\/\" rel=\"category tag\">Urgence<\/a>","qubely_excerpt":"-","_links":{"self":[{"href":"https:\/\/dgp.gouv.sn\/index.php\/wp-json\/wp\/v2\/posts\/2071","targetHints":{"allow":["GET"]}}],"collection":[{"href":"https:\/\/dgp.gouv.sn\/index.php\/wp-json\/wp\/v2\/posts"}],"about":[{"href":"https:\/\/dgp.gouv.sn\/index.php\/wp-json\/wp\/v2\/types\/post"}],"author":[{"embeddable":true,"href":"https:\/\/dgp.gouv.sn\/index.php\/wp-json\/wp\/v2\/users\/1"}],"replies":[{"embeddable":true,"href":"https:\/\/dgp.gouv.sn\/index.php\/wp-json\/wp\/v2\/comments?post=2071"}],"version-history":[{"count":56,"href":"https:\/\/dgp.gouv.sn\/index.php\/wp-json\/wp\/v2\/posts\/2071\/revisions"}],"predecessor-version":[{"id":2239,"href":"https:\/\/dgp.gouv.sn\/index.php\/wp-json\/wp\/v2\/posts\/2071\/revisions\/2239"}],"wp:featuredmedia":[{"embeddable":true,"href":"https:\/\/dgp.gouv.sn\/index.php\/wp-json\/wp\/v2\/media\/1668"}],"wp:attachment":[{"href":"https:\/\/dgp.gouv.sn\/index.php\/wp-json\/wp\/v2\/media?parent=2071"}],"wp:term":[{"taxonomy":"category","embeddable":true,"href":"https:\/\/dgp.gouv.sn\/index.php\/wp-json\/wp\/v2\/categories?post=2071"},{"taxonomy":"post_tag","embeddable":true,"href":"https:\/\/dgp.gouv.sn\/index.php\/wp-json\/wp\/v2\/tags?post=2071"}],"curies":[{"name":"wp","href":"https:\/\/api.w.org\/{rel}","templated":true}]}}