{"id":2395,"date":"2025-01-09T00:47:08","date_gmt":"2025-01-08T23:47:08","guid":{"rendered":"https:\/\/dgp.gouv.sn\/?p=2395"},"modified":"2025-01-13T15:10:04","modified_gmt":"2025-01-13T14:10:04","slug":"decentralisation-du-guichet-unique-dinscription-tambacounda","status":"publish","type":"post","link":"https:\/\/dgp.gouv.sn\/index.php\/2025\/01\/09\/decentralisation-du-guichet-unique-dinscription-tambacounda\/","title":{"rendered":"D\u00e9centralisation du guichet unique d\u2019inscription : Tambacounda"},"content":{"rendered":"\t\t<div data-elementor-type=\"wp-post\" data-elementor-id=\"2395\" class=\"elementor elementor-2395\" data-elementor-post-type=\"post\">\n\t\t\t\t\t\t<section class=\"elementor-section elementor-top-section elementor-element elementor-element-674eb08f elementor-section-boxed elementor-section-height-default elementor-section-height-default\" data-id=\"674eb08f\" data-element_type=\"section\">\n\t\t\t\t\t\t<div class=\"elementor-container elementor-column-gap-default\">\n\t\t\t\t\t<div class=\"elementor-column elementor-col-100 elementor-top-column elementor-element elementor-element-2842b340\" data-id=\"2842b340\" data-element_type=\"column\">\n\t\t\t<div class=\"elementor-widget-wrap elementor-element-populated\">\n\t\t\t\t\t\t<div class=\"elementor-element elementor-element-6db591b elementor-widget elementor-widget-text-editor\" data-id=\"6db591b\" data-element_type=\"widget\" data-widget_type=\"text-editor.default\">\n\t\t\t\t<div class=\"elementor-widget-container\">\n\t\t\t\t\t\t\t\t\t\n<p>La r\u00e9gion de Tambacounda marque la derni\u00e8re \u00e9tape de la tourn\u00e9e de la D\u00e9l\u00e9gation g\u00e9n\u00e9rale au P\u00e8lerinage, apr\u00e8s celles de Ziguinchor, St-Louis et Diourbel.<\/p>\n\n\n\n<p>Le D\u00e9l\u00e9gu\u00e9 g\u00e9n\u00e9ral, le G\u00e9n\u00e9ral Mamadou GAYE, accompagn\u00e9 de ses deux Adjoints et du Secr\u00e9taire permanent&nbsp; a rencontr\u00e9, le mardi 07 janvier 2025, le Gouverneur de la r\u00e9gion de Tambacounda, Monsieur Gu\u00e9dj DIOUF en pr\u00e9sence du Pr\u00e9fet du D\u00e9partement.&nbsp;<\/p>\n\n\n\n<p>Cette visite s\u2019inscrit dans le cadre de l\u2019installation du p\u00f4le r\u00e9gional de ladite r\u00e9gion, pour les formalit\u00e9s administratives et la formation des futurs p\u00e8lerins.<\/p>\n\n\n\n<p>Cette rencontre a vu la participation de la Direction r\u00e9gionale de la Sant\u00e9, du Service d\u2019hygi\u00e8ne, de la Banque islamique du S\u00e9n\u00e9gal (BIS), de la Police&nbsp; centrale, du Commandement de la zone militaire N\u00b04 et du Coordonnateur du p\u00f4le r\u00e9gional de Tambacounda et son Assistant.<\/p>\n\n\n\n<p>Les modalit\u00e9s pratiques de mise en place et fonctionnement du guichet unique du p\u00f4le r\u00e9gional \u00e9tait au menu des discussions.<\/p>\n\n\n\n<p>Toutes les parties prenantes se sont f\u00e9licit\u00e9es du choix port\u00e9 sur la r\u00e9gion de Tambacounda comme p\u00f4le r\u00e9gional et se sont engag\u00e9es \u00e0 s\u2019investir pour son bon fonctionnement.<\/p>\n\t\t\t\t\t\t\t\t<\/div>\n\t\t\t\t<\/div>\n\t\t\t\t\t<\/div>\n\t\t<\/div>\n\t\t\t\t\t<\/div>\n\t\t<\/section>\n\t\t\t\t<section class=\"elementor-section elementor-top-section elementor-element elementor-element-0dac932 elementor-section-boxed elementor-section-height-default elementor-section-height-default\" data-id=\"0dac932\" data-element_type=\"section\">\n\t\t\t\t\t\t<div class=\"elementor-container elementor-column-gap-default\">\n\t\t\t\t\t<div class=\"elementor-column elementor-col-100 elementor-top-column elementor-element elementor-element-e8219fe\" data-id=\"e8219fe\" data-element_type=\"column\">\n\t\t\t<div class=\"elementor-widget-wrap elementor-element-populated\">\n\t\t\t\t\t\t<div class=\"elementor-element elementor-element-f30f6af elementor-widget elementor-widget-gallery\" data-id=\"f30f6af\" data-element_type=\"widget\" data-settings=\"{&quot;lazyload&quot;:&quot;yes&quot;,&quot;gallery_layout&quot;:&quot;grid&quot;,&quot;columns&quot;:4,&quot;columns_tablet&quot;:2,&quot;columns_mobile&quot;:1,&quot;gap&quot;:{&quot;unit&quot;:&quot;px&quot;,&quot;size&quot;:10,&quot;sizes&quot;:[]},&quot;gap_tablet&quot;:{&quot;unit&quot;:&quot;px&quot;,&quot;size&quot;:10,&quot;sizes&quot;:[]},&quot;gap_mobile&quot;:{&quot;unit&quot;:&quot;px&quot;,&quot;size&quot;:10,&quot;sizes&quot;:[]},&quot;link_to&quot;:&quot;file&quot;,&quot;aspect_ratio&quot;:&quot;3:2&quot;,&quot;overlay_background&quot;:&quot;yes&quot;,&quot;content_hover_animation&quot;:&quot;fade-in&quot;}\" data-widget_type=\"gallery.default\">\n\t\t\t\t<div class=\"elementor-widget-container\">\n\t\t\t\t\t\t\t<div class=\"elementor-gallery__container\">\n\t\t\t\t\t\t\t<a class=\"e-gallery-item elementor-gallery-item elementor-animated-content\" href=\"https:\/\/dgp.gouv.sn\/wp-content\/uploads\/2025\/01\/IMG-20250108-WA0040.jpg\" data-elementor-open-lightbox=\"yes\" data-elementor-lightbox-slideshow=\"f30f6af\" data-elementor-lightbox-title=\"IMG-20250108-WA0040\" data-e-action-hash=\"#elementor-action%3Aaction%3Dlightbox%26settings%3DeyJpZCI6MjQwNSwidXJsIjoiaHR0cHM6XC9cL2RncC5nb3V2LnNuXC93cC1jb250ZW50XC91cGxvYWRzXC8yMDI1XC8wMVwvSU1HLTIwMjUwMTA4LVdBMDA0MC5qcGciLCJzbGlkZXNob3ciOiJmMzBmNmFmIn0%3D\">\n\t\t\t\t\t<div class=\"e-gallery-image elementor-gallery-item__image\" data-thumbnail=\"https:\/\/dgp.gouv.sn\/wp-content\/uploads\/2025\/01\/IMG-20250108-WA0040-300x225.jpg\" data-width=\"300\" data-height=\"225\" aria-label=\"\" role=\"img\" ><\/div>\n\t\t\t\t\t\t\t\t\t\t\t<div class=\"elementor-gallery-item__overlay\"><\/div>\n\t\t\t\t\t\t\t\t\t\t\t\t\t\t<\/a>\n\t\t\t\t\t\t\t<a class=\"e-gallery-item elementor-gallery-item elementor-animated-content\" href=\"https:\/\/dgp.gouv.sn\/wp-content\/uploads\/2025\/01\/IMG-20250108-WA0042-1.jpg\" data-elementor-open-lightbox=\"yes\" data-elementor-lightbox-slideshow=\"f30f6af\" data-elementor-lightbox-title=\"IMG-20250108-WA0042\" data-e-action-hash=\"#elementor-action%3Aaction%3Dlightbox%26settings%3DeyJpZCI6MjQwNiwidXJsIjoiaHR0cHM6XC9cL2RncC5nb3V2LnNuXC93cC1jb250ZW50XC91cGxvYWRzXC8yMDI1XC8wMVwvSU1HLTIwMjUwMTA4LVdBMDA0Mi0xLmpwZyIsInNsaWRlc2hvdyI6ImYzMGY2YWYifQ%3D%3D\">\n\t\t\t\t\t<div class=\"e-gallery-image elementor-gallery-item__image\" data-thumbnail=\"https:\/\/dgp.gouv.sn\/wp-content\/uploads\/2025\/01\/IMG-20250108-WA0042-1-300x225.jpg\" data-width=\"300\" data-height=\"225\" aria-label=\"\" role=\"img\" ><\/div>\n\t\t\t\t\t\t\t\t\t\t\t<div class=\"elementor-gallery-item__overlay\"><\/div>\n\t\t\t\t\t\t\t\t\t\t\t\t\t\t<\/a>\n\t\t\t\t\t\t\t<a class=\"e-gallery-item elementor-gallery-item elementor-animated-content\" href=\"https:\/\/dgp.gouv.sn\/wp-content\/uploads\/2025\/01\/IMG-20250108-WA0043.jpg\" data-elementor-open-lightbox=\"yes\" data-elementor-lightbox-slideshow=\"f30f6af\" data-elementor-lightbox-title=\"IMG-20250108-WA0043\" data-e-action-hash=\"#elementor-action%3Aaction%3Dlightbox%26settings%3DeyJpZCI6MjQwNywidXJsIjoiaHR0cHM6XC9cL2RncC5nb3V2LnNuXC93cC1jb250ZW50XC91cGxvYWRzXC8yMDI1XC8wMVwvSU1HLTIwMjUwMTA4LVdBMDA0My5qcGciLCJzbGlkZXNob3ciOiJmMzBmNmFmIn0%3D\">\n\t\t\t\t\t<div class=\"e-gallery-image elementor-gallery-item__image\" data-thumbnail=\"https:\/\/dgp.gouv.sn\/wp-content\/uploads\/2025\/01\/IMG-20250108-WA0043-300x225.jpg\" data-width=\"300\" data-height=\"225\" aria-label=\"\" role=\"img\" ><\/div>\n\t\t\t\t\t\t\t\t\t\t\t<div class=\"elementor-gallery-item__overlay\"><\/div>\n\t\t\t\t\t\t\t\t\t\t\t\t\t\t<\/a>\n\t\t\t\t\t\t\t<a class=\"e-gallery-item elementor-gallery-item elementor-animated-content\" href=\"https:\/\/dgp.gouv.sn\/wp-content\/uploads\/2025\/01\/IMG-20250108-WA0044.jpg\" data-elementor-open-lightbox=\"yes\" data-elementor-lightbox-slideshow=\"f30f6af\" data-elementor-lightbox-title=\"IMG-20250108-WA0044\" data-e-action-hash=\"#elementor-action%3Aaction%3Dlightbox%26settings%3DeyJpZCI6MjQwOCwidXJsIjoiaHR0cHM6XC9cL2RncC5nb3V2LnNuXC93cC1jb250ZW50XC91cGxvYWRzXC8yMDI1XC8wMVwvSU1HLTIwMjUwMTA4LVdBMDA0NC5qcGciLCJzbGlkZXNob3ciOiJmMzBmNmFmIn0%3D\">\n\t\t\t\t\t<div class=\"e-gallery-image elementor-gallery-item__image\" data-thumbnail=\"https:\/\/dgp.gouv.sn\/wp-content\/uploads\/2025\/01\/IMG-20250108-WA0044-300x225.jpg\" data-width=\"300\" data-height=\"225\" aria-label=\"\" role=\"img\" ><\/div>\n\t\t\t\t\t\t\t\t\t\t\t<div class=\"elementor-gallery-item__overlay\"><\/div>\n\t\t\t\t\t\t\t\t\t\t\t\t\t\t<\/a>\n\t\t\t\t\t\t\t<a class=\"e-gallery-item elementor-gallery-item elementor-animated-content\" href=\"https:\/\/dgp.gouv.sn\/wp-content\/uploads\/2025\/01\/IMG-20250108-WA0045.jpg\" data-elementor-open-lightbox=\"yes\" data-elementor-lightbox-slideshow=\"f30f6af\" data-elementor-lightbox-title=\"IMG-20250108-WA0045\" data-e-action-hash=\"#elementor-action%3Aaction%3Dlightbox%26settings%3DeyJpZCI6MjQwOSwidXJsIjoiaHR0cHM6XC9cL2RncC5nb3V2LnNuXC93cC1jb250ZW50XC91cGxvYWRzXC8yMDI1XC8wMVwvSU1HLTIwMjUwMTA4LVdBMDA0NS5qcGciLCJzbGlkZXNob3ciOiJmMzBmNmFmIn0%3D\">\n\t\t\t\t\t<div class=\"e-gallery-image elementor-gallery-item__image\" data-thumbnail=\"https:\/\/dgp.gouv.sn\/wp-content\/uploads\/2025\/01\/IMG-20250108-WA0045-300x225.jpg\" data-width=\"300\" data-height=\"225\" aria-label=\"\" role=\"img\" ><\/div>\n\t\t\t\t\t\t\t\t\t\t\t<div class=\"elementor-gallery-item__overlay\"><\/div>\n\t\t\t\t\t\t\t\t\t\t\t\t\t\t<\/a>\n\t\t\t\t\t\t\t<a class=\"e-gallery-item elementor-gallery-item elementor-animated-content\" href=\"https:\/\/dgp.gouv.sn\/wp-content\/uploads\/2025\/01\/IMG-20250108-WA0046.jpg\" data-elementor-open-lightbox=\"yes\" data-elementor-lightbox-slideshow=\"f30f6af\" data-elementor-lightbox-title=\"IMG-20250108-WA0046\" data-e-action-hash=\"#elementor-action%3Aaction%3Dlightbox%26settings%3DeyJpZCI6MjQxMCwidXJsIjoiaHR0cHM6XC9cL2RncC5nb3V2LnNuXC93cC1jb250ZW50XC91cGxvYWRzXC8yMDI1XC8wMVwvSU1HLTIwMjUwMTA4LVdBMDA0Ni5qcGciLCJzbGlkZXNob3ciOiJmMzBmNmFmIn0%3D\">\n\t\t\t\t\t<div class=\"e-gallery-image elementor-gallery-item__image\" data-thumbnail=\"https:\/\/dgp.gouv.sn\/wp-content\/uploads\/2025\/01\/IMG-20250108-WA0046-300x225.jpg\" data-width=\"300\" data-height=\"225\" aria-label=\"\" role=\"img\" ><\/div>\n\t\t\t\t\t\t\t\t\t\t\t<div class=\"elementor-gallery-item__overlay\"><\/div>\n\t\t\t\t\t\t\t\t\t\t\t\t\t\t<\/a>\n\t\t\t\t\t\t\t<a class=\"e-gallery-item elementor-gallery-item elementor-animated-content\" href=\"https:\/\/dgp.gouv.sn\/wp-content\/uploads\/2025\/01\/IMG-20250108-WA0048.jpg\" data-elementor-open-lightbox=\"yes\" data-elementor-lightbox-slideshow=\"f30f6af\" data-elementor-lightbox-title=\"IMG-20250108-WA0048\" data-e-action-hash=\"#elementor-action%3Aaction%3Dlightbox%26settings%3DeyJpZCI6MjQxMSwidXJsIjoiaHR0cHM6XC9cL2RncC5nb3V2LnNuXC93cC1jb250ZW50XC91cGxvYWRzXC8yMDI1XC8wMVwvSU1HLTIwMjUwMTA4LVdBMDA0OC5qcGciLCJzbGlkZXNob3ciOiJmMzBmNmFmIn0%3D\">\n\t\t\t\t\t<div class=\"e-gallery-image elementor-gallery-item__image\" data-thumbnail=\"https:\/\/dgp.gouv.sn\/wp-content\/uploads\/2025\/01\/IMG-20250108-WA0048-300x225.jpg\" data-width=\"300\" data-height=\"225\" aria-label=\"\" role=\"img\" ><\/div>\n\t\t\t\t\t\t\t\t\t\t\t<div class=\"elementor-gallery-item__overlay\"><\/div>\n\t\t\t\t\t\t\t\t\t\t\t\t\t\t<\/a>\n\t\t\t\t\t<\/div>\n\t\t\t\t\t<\/div>\n\t\t\t\t<\/div>\n\t\t\t\t\t<\/div>\n\t\t<\/div>\n\t\t\t\t\t<\/div>\n\t\t<\/section>\n\t\t\t\t<\/div>\n\t\t","protected":false},"excerpt":{"rendered":"<p>La r\u00e9gion de Tambacounda marque la derni\u00e8re \u00e9tape de la&#8230;<\/p>\n","protected":false},"author":1,"featured_media":2396,"comment_status":"open","ping_status":"open","sticky":false,"template":"","format":"standard","meta":{"qubely_global_settings":"","qubely_interactions":"","_kad_post_transparent":"","_kad_post_title":"","_kad_post_layout":"","_kad_post_sidebar_id":"","_kad_post_content_style":"","_kad_post_vertical_padding":"","_kad_post_feature":"","_kad_post_feature_position":"","_kad_post_header":false,"_kad_post_footer":false,"footnotes":""},"categories":[24],"tags":[23],"class_list":["post-2395","post","type-post","status-publish","format-standard","has-post-thumbnail","hentry","category-infoshajj25","tag-infoshajj2025"],"qubely_featured_image_url":{"full":["https:\/\/dgp.gouv.sn\/wp-content\/uploads\/2025\/01\/IMG-20250108-WA0042.jpg",1600,1200,false],"landscape":["https:\/\/dgp.gouv.sn\/wp-content\/uploads\/2025\/01\/IMG-20250108-WA0042-1200x750.jpg",1200,750,true],"portraits":["https:\/\/dgp.gouv.sn\/wp-content\/uploads\/2025\/01\/IMG-20250108-WA0042-540x320.jpg",540,320,true],"thumbnail":["https:\/\/dgp.gouv.sn\/wp-content\/uploads\/2025\/01\/IMG-20250108-WA0042-150x150.jpg",150,150,true],"medium":["https:\/\/dgp.gouv.sn\/wp-content\/uploads\/2025\/01\/IMG-20250108-WA0042-300x225.jpg",300,225,true],"medium_large":["https:\/\/dgp.gouv.sn\/wp-content\/uploads\/2025\/01\/IMG-20250108-WA0042-768x576.jpg",768,576,true],"large":["https:\/\/dgp.gouv.sn\/wp-content\/uploads\/2025\/01\/IMG-20250108-WA0042-1024x768.jpg",1024,768,true],"1536x1536":["https:\/\/dgp.gouv.sn\/wp-content\/uploads\/2025\/01\/IMG-20250108-WA0042-1536x1152.jpg",1536,1152,true],"2048x2048":["https:\/\/dgp.gouv.sn\/wp-content\/uploads\/2025\/01\/IMG-20250108-WA0042.jpg",1600,1200,false],"qubely_landscape":["https:\/\/dgp.gouv.sn\/wp-content\/uploads\/2025\/01\/IMG-20250108-WA0042-1200x750.jpg",1200,750,true],"qubely_portrait":["https:\/\/dgp.gouv.sn\/wp-content\/uploads\/2025\/01\/IMG-20250108-WA0042-540x320.jpg",540,320,true],"qubely_thumbnail":["https:\/\/dgp.gouv.sn\/wp-content\/uploads\/2025\/01\/IMG-20250108-WA0042-140x100.jpg",140,100,true]},"qubely_author":{"display_name":"admindgp","author_link":"https:\/\/dgp.gouv.sn\/index.php\/author\/admindgp\/"},"qubely_comment":0,"qubely_category":"<a href=\"https:\/\/dgp.gouv.sn\/index.php\/category\/infoshajj25\/\" rel=\"category tag\">infoshajj25<\/a>","qubely_excerpt":"La r\u00e9gion de Tambacounda marque la derni\u00e8re \u00e9tape de la...","_links":{"self":[{"href":"https:\/\/dgp.gouv.sn\/index.php\/wp-json\/wp\/v2\/posts\/2395","targetHints":{"allow":["GET"]}}],"collection":[{"href":"https:\/\/dgp.gouv.sn\/index.php\/wp-json\/wp\/v2\/posts"}],"about":[{"href":"https:\/\/dgp.gouv.sn\/index.php\/wp-json\/wp\/v2\/types\/post"}],"author":[{"embeddable":true,"href":"https:\/\/dgp.gouv.sn\/index.php\/wp-json\/wp\/v2\/users\/1"}],"replies":[{"embeddable":true,"href":"https:\/\/dgp.gouv.sn\/index.php\/wp-json\/wp\/v2\/comments?post=2395"}],"version-history":[{"count":4,"href":"https:\/\/dgp.gouv.sn\/index.php\/wp-json\/wp\/v2\/posts\/2395\/revisions"}],"predecessor-version":[{"id":2414,"href":"https:\/\/dgp.gouv.sn\/index.php\/wp-json\/wp\/v2\/posts\/2395\/revisions\/2414"}],"wp:featuredmedia":[{"embeddable":true,"href":"https:\/\/dgp.gouv.sn\/index.php\/wp-json\/wp\/v2\/media\/2396"}],"wp:attachment":[{"href":"https:\/\/dgp.gouv.sn\/index.php\/wp-json\/wp\/v2\/media?parent=2395"}],"wp:term":[{"taxonomy":"category","embeddable":true,"href":"https:\/\/dgp.gouv.sn\/index.php\/wp-json\/wp\/v2\/categories?post=2395"},{"taxonomy":"post_tag","embeddable":true,"href":"https:\/\/dgp.gouv.sn\/index.php\/wp-json\/wp\/v2\/tags?post=2395"}],"curies":[{"name":"wp","href":"https:\/\/api.w.org\/{rel}","templated":true}]}}