{"id":2438,"date":"2025-01-13T15:59:20","date_gmt":"2025-01-13T14:59:20","guid":{"rendered":"https:\/\/dgp.gouv.sn\/?p=2438"},"modified":"2025-01-13T17:32:45","modified_gmt":"2025-01-13T16:32:45","slug":"rencontre-entre-le-delegue-general-au-pelerinage-et-le-directeur-des-affaires-religieuses-2","status":"publish","type":"post","link":"https:\/\/dgp.gouv.sn\/index.php\/2025\/01\/13\/rencontre-entre-le-delegue-general-au-pelerinage-et-le-directeur-des-affaires-religieuses-2\/","title":{"rendered":"Rencontre entre le D\u00e9l\u00e9gu\u00e9 g\u00e9n\u00e9ral au p\u00e8lerinage et le Directeur des Affaires religieuses"},"content":{"rendered":"\t\t<div data-elementor-type=\"wp-post\" data-elementor-id=\"2438\" class=\"elementor elementor-2438\" data-elementor-post-type=\"post\">\n\t\t\t\t\t\t<section class=\"elementor-section elementor-top-section elementor-element elementor-element-1b12960 elementor-section-boxed elementor-section-height-default elementor-section-height-default\" data-id=\"1b12960\" data-element_type=\"section\">\n\t\t\t\t\t\t<div class=\"elementor-container elementor-column-gap-default\">\n\t\t\t\t\t<div class=\"elementor-column elementor-col-100 elementor-top-column elementor-element elementor-element-3f698fa8\" data-id=\"3f698fa8\" data-element_type=\"column\">\n\t\t\t<div class=\"elementor-widget-wrap elementor-element-populated\">\n\t\t\t\t\t\t<div class=\"elementor-element elementor-element-51f99331 elementor-widget elementor-widget-text-editor\" data-id=\"51f99331\" data-element_type=\"widget\" data-widget_type=\"text-editor.default\">\n\t\t\t\t<div class=\"elementor-widget-container\">\n\t\t\t\t\t\t\t\t\t\n<p>Le D\u00e9l\u00e9gu\u00e9 g\u00e9n\u00e9ral au p\u00e8lerinage, le G\u00e9n\u00e9ral Mamadou GAYE, a re\u00e7u en audience le mardi 24 d\u00e9cembre 2024, le Directeur des Affaires religieuses et de l\u2019Insertion des Dipl\u00f4m\u00e9s en langue arabe \u00e0 la Pr\u00e9sidence de la R\u00e9publique, le Docteur Djim Ousmane DRAM\u00c9, en pr\u00e9sence du D\u00e9l\u00e9gu\u00e9 g\u00e9n\u00e9ral Adjoint, Mohamed Mansour NDIAYE, au si\u00e8ge de la D\u00e9l\u00e9gation g\u00e9n\u00e9rale au p\u00e8lerinage aux Lieux saints de l\u2019Islam.<\/p>\n\n<p>Cette rencontre entre le D\u00e9l\u00e9gu\u00e9 g\u00e9n\u00e9ral au p\u00e8lerinage et le Directeur des Affaires religieuses s\u2019inscrit dans le cadre des visites de courtoisie qu\u2019effectue ce dernier aupr\u00e8s des institutions religieuses, pour pr\u00e9senter la mission qui lui est assign\u00e9e par le Pr\u00e9sident de la R\u00e9publique, S.E.M Bassirou Diomaye Diakhar FAYE.<\/p>\n\n<p>Les discussions ont port\u00e9 sur la n\u00e9cessit\u00e9 d&rsquo;une coop\u00e9ration f\u00e9conde entre les deux institutions, notamment sur les questions religieuses et sur les d\u00e9fis qui les interpellent dans l&rsquo;exercice de leurs missions respectives.<\/p>\n\t\t\t\t\t\t\t\t<\/div>\n\t\t\t\t<\/div>\n\t\t\t\t<div class=\"elementor-element elementor-element-0b13c9b elementor-widget elementor-widget-gallery\" data-id=\"0b13c9b\" data-element_type=\"widget\" data-settings=\"{&quot;columns&quot;:3,&quot;gap&quot;:{&quot;unit&quot;:&quot;px&quot;,&quot;size&quot;:20,&quot;sizes&quot;:[]},&quot;lazyload&quot;:&quot;yes&quot;,&quot;gallery_layout&quot;:&quot;grid&quot;,&quot;columns_tablet&quot;:2,&quot;columns_mobile&quot;:1,&quot;gap_tablet&quot;:{&quot;unit&quot;:&quot;px&quot;,&quot;size&quot;:10,&quot;sizes&quot;:[]},&quot;gap_mobile&quot;:{&quot;unit&quot;:&quot;px&quot;,&quot;size&quot;:10,&quot;sizes&quot;:[]},&quot;link_to&quot;:&quot;file&quot;,&quot;aspect_ratio&quot;:&quot;3:2&quot;,&quot;overlay_background&quot;:&quot;yes&quot;,&quot;content_hover_animation&quot;:&quot;fade-in&quot;}\" data-widget_type=\"gallery.default\">\n\t\t\t\t<div class=\"elementor-widget-container\">\n\t\t\t\t\t\t\t<div class=\"elementor-gallery__container\">\n\t\t\t\t\t\t\t<a class=\"e-gallery-item elementor-gallery-item elementor-animated-content\" href=\"https:\/\/dgp.gouv.sn\/wp-content\/uploads\/2025\/01\/audience_dec_dar1.jpg\" data-elementor-open-lightbox=\"yes\" data-elementor-lightbox-slideshow=\"0b13c9b\" data-elementor-lightbox-title=\"audience_dec_dar1\" data-e-action-hash=\"#elementor-action%3Aaction%3Dlightbox%26settings%3DeyJpZCI6MjQzMywidXJsIjoiaHR0cHM6XC9cL2RncC5nb3V2LnNuXC93cC1jb250ZW50XC91cGxvYWRzXC8yMDI1XC8wMVwvYXVkaWVuY2VfZGVjX2RhcjEuanBnIiwic2xpZGVzaG93IjoiMGIxM2M5YiJ9\">\n\t\t\t\t\t<div class=\"e-gallery-image elementor-gallery-item__image\" data-thumbnail=\"https:\/\/dgp.gouv.sn\/wp-content\/uploads\/2025\/01\/audience_dec_dar1-300x221.jpg\" data-width=\"300\" data-height=\"221\" aria-label=\"\" role=\"img\" ><\/div>\n\t\t\t\t\t\t\t\t\t\t\t<div class=\"elementor-gallery-item__overlay\"><\/div>\n\t\t\t\t\t\t\t\t\t\t\t\t\t\t<\/a>\n\t\t\t\t\t\t\t<a class=\"e-gallery-item elementor-gallery-item elementor-animated-content\" href=\"https:\/\/dgp.gouv.sn\/wp-content\/uploads\/2024\/12\/audience_dec_dar2-1.jpg\" data-elementor-open-lightbox=\"yes\" data-elementor-lightbox-slideshow=\"0b13c9b\" data-elementor-lightbox-title=\"audience_dec_dar2\" data-e-action-hash=\"#elementor-action%3Aaction%3Dlightbox%26settings%3DeyJpZCI6MjMwNywidXJsIjoiaHR0cHM6XC9cL2RncC5nb3V2LnNuXC93cC1jb250ZW50XC91cGxvYWRzXC8yMDI0XC8xMlwvYXVkaWVuY2VfZGVjX2RhcjItMS5qcGciLCJzbGlkZXNob3ciOiIwYjEzYzliIn0%3D\">\n\t\t\t\t\t<div class=\"e-gallery-image elementor-gallery-item__image\" data-thumbnail=\"https:\/\/dgp.gouv.sn\/wp-content\/uploads\/2024\/12\/audience_dec_dar2-1-300x200.jpg\" data-width=\"300\" data-height=\"200\" aria-label=\"\" role=\"img\" ><\/div>\n\t\t\t\t\t\t\t\t\t\t\t<div class=\"elementor-gallery-item__overlay\"><\/div>\n\t\t\t\t\t\t\t\t\t\t\t\t\t\t<\/a>\n\t\t\t\t\t\t\t<a class=\"e-gallery-item elementor-gallery-item elementor-animated-content\" href=\"https:\/\/dgp.gouv.sn\/wp-content\/uploads\/2025\/01\/audience_dec_dar3.jpg\" data-elementor-open-lightbox=\"yes\" data-elementor-lightbox-slideshow=\"0b13c9b\" data-elementor-lightbox-title=\"audience_dec_dar3\" data-e-action-hash=\"#elementor-action%3Aaction%3Dlightbox%26settings%3DeyJpZCI6MjQzMiwidXJsIjoiaHR0cHM6XC9cL2RncC5nb3V2LnNuXC93cC1jb250ZW50XC91cGxvYWRzXC8yMDI1XC8wMVwvYXVkaWVuY2VfZGVjX2RhcjMuanBnIiwic2xpZGVzaG93IjoiMGIxM2M5YiJ9\">\n\t\t\t\t\t<div class=\"e-gallery-image elementor-gallery-item__image\" data-thumbnail=\"https:\/\/dgp.gouv.sn\/wp-content\/uploads\/2025\/01\/audience_dec_dar3-300x200.jpg\" data-width=\"300\" data-height=\"200\" aria-label=\"\" role=\"img\" ><\/div>\n\t\t\t\t\t\t\t\t\t\t\t<div class=\"elementor-gallery-item__overlay\"><\/div>\n\t\t\t\t\t\t\t\t\t\t\t\t\t\t<\/a>\n\t\t\t\t\t<\/div>\n\t\t\t\t\t<\/div>\n\t\t\t\t<\/div>\n\t\t\t\t\t<\/div>\n\t\t<\/div>\n\t\t\t\t\t<\/div>\n\t\t<\/section>\n\t\t\t\t<\/div>\n\t\t","protected":false},"excerpt":{"rendered":"<p>Le D\u00e9l\u00e9gu\u00e9 g\u00e9n\u00e9ral au p\u00e8lerinage, le G\u00e9n\u00e9ral Mamadou GAYE, a re\u00e7u en audience le mardi 24 d\u00e9cembre 2024, le Docteur Djim Ousmane DRAM\u00c9 Directeur des Affaires religieuses et de l\u2019Insertion des Dipl\u00f4m\u00e9s en langue arabe \u00e0 la Pr\u00e9sidence de la R\u00e9publique.<\/p>\n","protected":false},"author":1,"featured_media":2307,"comment_status":"closed","ping_status":"open","sticky":false,"template":"","format":"standard","meta":{"qubely_global_settings":"","qubely_interactions":"","_kad_post_transparent":"","_kad_post_title":"","_kad_post_layout":"","_kad_post_sidebar_id":"","_kad_post_content_style":"","_kad_post_vertical_padding":"","_kad_post_feature":"","_kad_post_feature_position":"","_kad_post_header":false,"_kad_post_footer":false,"footnotes":""},"categories":[25],"tags":[],"class_list":["post-2438","post","type-post","status-publish","format-standard","has-post-thumbnail","hentry","category-activitesgl"],"qubely_featured_image_url":{"full":["https:\/\/dgp.gouv.sn\/wp-content\/uploads\/2024\/12\/audience_dec_dar2-1.jpg",1600,1067,false],"landscape":["https:\/\/dgp.gouv.sn\/wp-content\/uploads\/2024\/12\/audience_dec_dar2-1-1200x750.jpg",1200,750,true],"portraits":["https:\/\/dgp.gouv.sn\/wp-content\/uploads\/2024\/12\/audience_dec_dar2-1-540x320.jpg",540,320,true],"thumbnail":["https:\/\/dgp.gouv.sn\/wp-content\/uploads\/2024\/12\/audience_dec_dar2-1-150x150.jpg",150,150,true],"medium":["https:\/\/dgp.gouv.sn\/wp-content\/uploads\/2024\/12\/audience_dec_dar2-1-300x200.jpg",300,200,true],"medium_large":["https:\/\/dgp.gouv.sn\/wp-content\/uploads\/2024\/12\/audience_dec_dar2-1-768x512.jpg",768,512,true],"large":["https:\/\/dgp.gouv.sn\/wp-content\/uploads\/2024\/12\/audience_dec_dar2-1-1024x683.jpg",1024,683,true],"1536x1536":["https:\/\/dgp.gouv.sn\/wp-content\/uploads\/2024\/12\/audience_dec_dar2-1-1536x1024.jpg",1536,1024,true],"2048x2048":["https:\/\/dgp.gouv.sn\/wp-content\/uploads\/2024\/12\/audience_dec_dar2-1.jpg",1600,1067,false],"qubely_landscape":["https:\/\/dgp.gouv.sn\/wp-content\/uploads\/2024\/12\/audience_dec_dar2-1-1200x750.jpg",1200,750,true],"qubely_portrait":["https:\/\/dgp.gouv.sn\/wp-content\/uploads\/2024\/12\/audience_dec_dar2-1-540x320.jpg",540,320,true],"qubely_thumbnail":["https:\/\/dgp.gouv.sn\/wp-content\/uploads\/2024\/12\/audience_dec_dar2-1-140x100.jpg",140,100,true]},"qubely_author":{"display_name":"admindgp","author_link":"https:\/\/dgp.gouv.sn\/index.php\/author\/admindgp\/"},"qubely_comment":0,"qubely_category":"<a href=\"https:\/\/dgp.gouv.sn\/index.php\/category\/activitesgl\/\" rel=\"category tag\">activitesGl<\/a>","qubely_excerpt":"Le D\u00e9l\u00e9gu\u00e9 g\u00e9n\u00e9ral au p\u00e8lerinage, le G\u00e9n\u00e9ral Mamadou GAYE, a re\u00e7u en audience le mardi 24 d\u00e9cembre 2024, le Docteur Djim Ousmane DRAM\u00c9 Directeur des Affaires religieuses et de l\u2019Insertion des Dipl\u00f4m\u00e9s en langue arabe \u00e0 la Pr\u00e9sidence de la R\u00e9publique.","_links":{"self":[{"href":"https:\/\/dgp.gouv.sn\/index.php\/wp-json\/wp\/v2\/posts\/2438","targetHints":{"allow":["GET"]}}],"collection":[{"href":"https:\/\/dgp.gouv.sn\/index.php\/wp-json\/wp\/v2\/posts"}],"about":[{"href":"https:\/\/dgp.gouv.sn\/index.php\/wp-json\/wp\/v2\/types\/post"}],"author":[{"embeddable":true,"href":"https:\/\/dgp.gouv.sn\/index.php\/wp-json\/wp\/v2\/users\/1"}],"replies":[{"embeddable":true,"href":"https:\/\/dgp.gouv.sn\/index.php\/wp-json\/wp\/v2\/comments?post=2438"}],"version-history":[{"count":9,"href":"https:\/\/dgp.gouv.sn\/index.php\/wp-json\/wp\/v2\/posts\/2438\/revisions"}],"predecessor-version":[{"id":2489,"href":"https:\/\/dgp.gouv.sn\/index.php\/wp-json\/wp\/v2\/posts\/2438\/revisions\/2489"}],"wp:featuredmedia":[{"embeddable":true,"href":"https:\/\/dgp.gouv.sn\/index.php\/wp-json\/wp\/v2\/media\/2307"}],"wp:attachment":[{"href":"https:\/\/dgp.gouv.sn\/index.php\/wp-json\/wp\/v2\/media?parent=2438"}],"wp:term":[{"taxonomy":"category","embeddable":true,"href":"https:\/\/dgp.gouv.sn\/index.php\/wp-json\/wp\/v2\/categories?post=2438"},{"taxonomy":"post_tag","embeddable":true,"href":"https:\/\/dgp.gouv.sn\/index.php\/wp-json\/wp\/v2\/tags?post=2438"}],"curies":[{"name":"wp","href":"https:\/\/api.w.org\/{rel}","templated":true}]}}