{"id":2462,"date":"2025-01-13T16:23:46","date_gmt":"2025-01-13T15:23:46","guid":{"rendered":"https:\/\/dgp.gouv.sn\/?p=2462"},"modified":"2025-01-13T17:33:45","modified_gmt":"2025-01-13T16:33:45","slug":"prise-de-contact","status":"publish","type":"post","link":"https:\/\/dgp.gouv.sn\/index.php\/2025\/01\/13\/prise-de-contact\/","title":{"rendered":"Prise de contact du G\u00e9n\u00e9ral Gaye avec les Voyagistes priv\u00e9s"},"content":{"rendered":"\t\t<div data-elementor-type=\"wp-post\" data-elementor-id=\"2462\" class=\"elementor elementor-2462\" data-elementor-post-type=\"post\">\n\t\t\t\t\t\t<section class=\"elementor-section elementor-top-section elementor-element elementor-element-e062815 elementor-section-boxed elementor-section-height-default elementor-section-height-default\" data-id=\"e062815\" data-element_type=\"section\">\n\t\t\t\t\t\t<div class=\"elementor-container elementor-column-gap-default\">\n\t\t\t\t\t<div class=\"elementor-column elementor-col-100 elementor-top-column elementor-element elementor-element-3a91c5d\" data-id=\"3a91c5d\" data-element_type=\"column\">\n\t\t\t<div class=\"elementor-widget-wrap elementor-element-populated\">\n\t\t\t\t\t\t<div class=\"elementor-element elementor-element-d39e79c elementor-widget elementor-widget-video\" data-id=\"d39e79c\" data-element_type=\"widget\" data-settings=\"{&quot;youtube_url&quot;:&quot;https:\\\/\\\/youtu.be\\\/SvTKnTqLXs8?si=LhFYKbKaHrKYDvYE&quot;,&quot;video_type&quot;:&quot;youtube&quot;,&quot;controls&quot;:&quot;yes&quot;}\" data-widget_type=\"video.default\">\n\t\t\t\t<div class=\"elementor-widget-container\">\n\t\t\t\t\t\t\t<div class=\"elementor-wrapper elementor-open-inline\">\n\t\t\t<div class=\"elementor-video\"><\/div>\t\t<\/div>\n\t\t\t\t\t\t<\/div>\n\t\t\t\t<\/div>\n\t\t\t\t<div class=\"elementor-element elementor-element-d421981 elementor-widget elementor-widget-text-editor\" data-id=\"d421981\" data-element_type=\"widget\" data-widget_type=\"text-editor.default\">\n\t\t\t\t<div class=\"elementor-widget-container\">\n\t\t\t\t\t\t\t\t\t<p>Le D\u00e9l\u00e9gu\u00e9 g\u00e9n\u00e9ral au p\u00e8lerinage rencontr\u00e9 l&rsquo;ensemble des voyagistes priv\u00e9s agr\u00e9\u00e9s pour le p\u00e8lerinage aux lieux saints de l&rsquo;islam le samedi 19 Octobre 2024 \u00e0 l&rsquo;amphith\u00e9\u00e2tre de l&rsquo;institut islamique.<\/p>\t\t\t\t\t\t\t\t<\/div>\n\t\t\t\t<\/div>\n\t\t\t\t\t<\/div>\n\t\t<\/div>\n\t\t\t\t\t<\/div>\n\t\t<\/section>\n\t\t\t\t<\/div>\n\t\t","protected":false},"excerpt":{"rendered":"<p>Le D\u00e9l\u00e9gu\u00e9 g\u00e9n\u00e9ral au p\u00e8lerinage a tenu une r\u00e9union de prise de contact avec les voyagistes priv\u00e9s le samedi 19 Octobre 2024<\/p>\n","protected":false},"author":1,"featured_media":2464,"comment_status":"closed","ping_status":"open","sticky":false,"template":"","format":"standard","meta":{"qubely_global_settings":"","qubely_interactions":"","_kad_post_transparent":"","_kad_post_title":"","_kad_post_layout":"","_kad_post_sidebar_id":"","_kad_post_content_style":"","_kad_post_vertical_padding":"","_kad_post_feature":"","_kad_post_feature_position":"","_kad_post_header":false,"_kad_post_footer":false,"footnotes":""},"categories":[25],"tags":[],"class_list":["post-2462","post","type-post","status-publish","format-standard","has-post-thumbnail","hentry","category-activitesgl"],"qubely_featured_image_url":{"full":["https:\/\/dgp.gouv.sn\/wp-content\/uploads\/2025\/01\/videoframe_341175.png",1280,720,false],"landscape":["https:\/\/dgp.gouv.sn\/wp-content\/uploads\/2025\/01\/videoframe_341175-1200x720.png",1200,720,true],"portraits":["https:\/\/dgp.gouv.sn\/wp-content\/uploads\/2025\/01\/videoframe_341175-540x320.png",540,320,true],"thumbnail":["https:\/\/dgp.gouv.sn\/wp-content\/uploads\/2025\/01\/videoframe_341175-150x150.png",150,150,true],"medium":["https:\/\/dgp.gouv.sn\/wp-content\/uploads\/2025\/01\/videoframe_341175-300x169.png",300,169,true],"medium_large":["https:\/\/dgp.gouv.sn\/wp-content\/uploads\/2025\/01\/videoframe_341175-768x432.png",768,432,true],"large":["https:\/\/dgp.gouv.sn\/wp-content\/uploads\/2025\/01\/videoframe_341175-1024x576.png",1024,576,true],"1536x1536":["https:\/\/dgp.gouv.sn\/wp-content\/uploads\/2025\/01\/videoframe_341175.png",1280,720,false],"2048x2048":["https:\/\/dgp.gouv.sn\/wp-content\/uploads\/2025\/01\/videoframe_341175.png",1280,720,false],"qubely_landscape":["https:\/\/dgp.gouv.sn\/wp-content\/uploads\/2025\/01\/videoframe_341175-1200x720.png",1200,720,true],"qubely_portrait":["https:\/\/dgp.gouv.sn\/wp-content\/uploads\/2025\/01\/videoframe_341175-540x320.png",540,320,true],"qubely_thumbnail":["https:\/\/dgp.gouv.sn\/wp-content\/uploads\/2025\/01\/videoframe_341175-140x100.png",140,100,true]},"qubely_author":{"display_name":"admindgp","author_link":"https:\/\/dgp.gouv.sn\/index.php\/author\/admindgp\/"},"qubely_comment":0,"qubely_category":"<a href=\"https:\/\/dgp.gouv.sn\/index.php\/category\/activitesgl\/\" rel=\"category tag\">activitesGl<\/a>","qubely_excerpt":"Le D\u00e9l\u00e9gu\u00e9 g\u00e9n\u00e9ral au p\u00e8lerinage a tenu une r\u00e9union de prise de contact avec les voyagistes priv\u00e9s le samedi 19 Octobre 2024","_links":{"self":[{"href":"https:\/\/dgp.gouv.sn\/index.php\/wp-json\/wp\/v2\/posts\/2462","targetHints":{"allow":["GET"]}}],"collection":[{"href":"https:\/\/dgp.gouv.sn\/index.php\/wp-json\/wp\/v2\/posts"}],"about":[{"href":"https:\/\/dgp.gouv.sn\/index.php\/wp-json\/wp\/v2\/types\/post"}],"author":[{"embeddable":true,"href":"https:\/\/dgp.gouv.sn\/index.php\/wp-json\/wp\/v2\/users\/1"}],"replies":[{"embeddable":true,"href":"https:\/\/dgp.gouv.sn\/index.php\/wp-json\/wp\/v2\/comments?post=2462"}],"version-history":[{"count":16,"href":"https:\/\/dgp.gouv.sn\/index.php\/wp-json\/wp\/v2\/posts\/2462\/revisions"}],"predecessor-version":[{"id":2492,"href":"https:\/\/dgp.gouv.sn\/index.php\/wp-json\/wp\/v2\/posts\/2462\/revisions\/2492"}],"wp:featuredmedia":[{"embeddable":true,"href":"https:\/\/dgp.gouv.sn\/index.php\/wp-json\/wp\/v2\/media\/2464"}],"wp:attachment":[{"href":"https:\/\/dgp.gouv.sn\/index.php\/wp-json\/wp\/v2\/media?parent=2462"}],"wp:term":[{"taxonomy":"category","embeddable":true,"href":"https:\/\/dgp.gouv.sn\/index.php\/wp-json\/wp\/v2\/categories?post=2462"},{"taxonomy":"post_tag","embeddable":true,"href":"https:\/\/dgp.gouv.sn\/index.php\/wp-json\/wp\/v2\/tags?post=2462"}],"curies":[{"name":"wp","href":"https:\/\/api.w.org\/{rel}","templated":true}]}}