{"id":2524,"date":"2025-01-17T14:20:43","date_gmt":"2025-01-17T13:20:43","guid":{"rendered":"https:\/\/dgp.gouv.sn\/?p=2524"},"modified":"2025-01-17T14:22:21","modified_gmt":"2025-01-17T13:22:21","slug":"rencontre-dgp-ministere-saoudien-du-hajj","status":"publish","type":"post","link":"https:\/\/dgp.gouv.sn\/index.php\/2025\/01\/17\/rencontre-dgp-ministere-saoudien-du-hajj\/","title":{"rendered":"Rencontre DGP &#8211; Minist\u00e8re saoudien du hajj"},"content":{"rendered":"\t\t<div data-elementor-type=\"wp-post\" data-elementor-id=\"2524\" class=\"elementor elementor-2524\" data-elementor-post-type=\"post\">\n\t\t\t\t\t\t<section class=\"elementor-section elementor-top-section elementor-element elementor-element-31cd928e elementor-section-boxed elementor-section-height-default elementor-section-height-default\" data-id=\"31cd928e\" data-element_type=\"section\">\n\t\t\t\t\t\t<div class=\"elementor-container elementor-column-gap-default\">\n\t\t\t\t\t<div class=\"elementor-column elementor-col-100 elementor-top-column elementor-element elementor-element-27e5dfe4\" data-id=\"27e5dfe4\" data-element_type=\"column\">\n\t\t\t<div class=\"elementor-widget-wrap elementor-element-populated\">\n\t\t\t\t\t\t<div class=\"elementor-element elementor-element-1d86b1bf elementor-widget elementor-widget-text-editor\" data-id=\"1d86b1bf\" data-element_type=\"widget\" data-widget_type=\"text-editor.default\">\n\t\t\t\t<div class=\"elementor-widget-container\">\n\t\t\t\t\t\t\t\t\t\n<p>En marge des Expositions du Hajj 2025, le D\u00e9l\u00e9gu\u00e9 g\u00e9n\u00e9ral au Pelerinage, le G\u00e9n\u00e9ral Mamadou Gaye a \u00e9t\u00e9 re\u00e7u en audience par le vice ministre du Hajj, Monsieur Dr Hassan Al Manakhera.<\/p>\n\n<p>Les discussions ont port\u00e9 sur le processus de pr\u00e9paration du Hajj 2025 et sur la prochaine visite au S\u00e9n\u00e9gal du Ministre du Hajj et de la Oumra, Monsieur Tawfeeq Al-Rabia pr\u00e9vue dans la p\u00e9riode du 4 au 6 f\u00e9vrier 2025.<\/p>\n\t\t\t\t\t\t\t\t<\/div>\n\t\t\t\t<\/div>\n\t\t\t\t<div class=\"elementor-element elementor-element-c712225 elementor-widget elementor-widget-gallery\" data-id=\"c712225\" data-element_type=\"widget\" data-settings=\"{&quot;columns&quot;:5,&quot;lazyload&quot;:&quot;yes&quot;,&quot;gallery_layout&quot;:&quot;grid&quot;,&quot;columns_tablet&quot;:2,&quot;columns_mobile&quot;:1,&quot;gap&quot;:{&quot;unit&quot;:&quot;px&quot;,&quot;size&quot;:10,&quot;sizes&quot;:[]},&quot;gap_tablet&quot;:{&quot;unit&quot;:&quot;px&quot;,&quot;size&quot;:10,&quot;sizes&quot;:[]},&quot;gap_mobile&quot;:{&quot;unit&quot;:&quot;px&quot;,&quot;size&quot;:10,&quot;sizes&quot;:[]},&quot;link_to&quot;:&quot;file&quot;,&quot;aspect_ratio&quot;:&quot;3:2&quot;,&quot;overlay_background&quot;:&quot;yes&quot;,&quot;content_hover_animation&quot;:&quot;fade-in&quot;}\" data-widget_type=\"gallery.default\">\n\t\t\t\t<div class=\"elementor-widget-container\">\n\t\t\t\t\t\t\t<div class=\"elementor-gallery__container\">\n\t\t\t\t\t\t\t<a class=\"e-gallery-item elementor-gallery-item elementor-animated-content\" href=\"https:\/\/dgp.gouv.sn\/wp-content\/uploads\/2025\/01\/IMG-20250117-WA00061-1.jpg\" data-elementor-open-lightbox=\"yes\" data-elementor-lightbox-slideshow=\"c712225\" data-elementor-lightbox-title=\"IMG-20250117-WA0006(1)\" data-e-action-hash=\"#elementor-action%3Aaction%3Dlightbox%26settings%3DeyJpZCI6MjUyNywidXJsIjoiaHR0cHM6XC9cL2RncC5nb3V2LnNuXC93cC1jb250ZW50XC91cGxvYWRzXC8yMDI1XC8wMVwvSU1HLTIwMjUwMTE3LVdBMDAwNjEtMS5qcGciLCJzbGlkZXNob3ciOiJjNzEyMjI1In0%3D\">\n\t\t\t\t\t<div class=\"e-gallery-image elementor-gallery-item__image\" data-thumbnail=\"https:\/\/dgp.gouv.sn\/wp-content\/uploads\/2025\/01\/IMG-20250117-WA00061-1-300x225.jpg\" data-width=\"300\" data-height=\"225\" aria-label=\"\" role=\"img\" ><\/div>\n\t\t\t\t\t\t\t\t\t\t\t<div class=\"elementor-gallery-item__overlay\"><\/div>\n\t\t\t\t\t\t\t\t\t\t\t\t\t\t<\/a>\n\t\t\t\t\t\t\t<a class=\"e-gallery-item elementor-gallery-item elementor-animated-content\" href=\"https:\/\/dgp.gouv.sn\/wp-content\/uploads\/2025\/01\/IMG-20250117-WA0005.jpg\" data-elementor-open-lightbox=\"yes\" data-elementor-lightbox-slideshow=\"c712225\" data-elementor-lightbox-title=\"IMG-20250117-WA0005\" data-e-action-hash=\"#elementor-action%3Aaction%3Dlightbox%26settings%3DeyJpZCI6MjUyOCwidXJsIjoiaHR0cHM6XC9cL2RncC5nb3V2LnNuXC93cC1jb250ZW50XC91cGxvYWRzXC8yMDI1XC8wMVwvSU1HLTIwMjUwMTE3LVdBMDAwNS5qcGciLCJzbGlkZXNob3ciOiJjNzEyMjI1In0%3D\">\n\t\t\t\t\t<div class=\"e-gallery-image elementor-gallery-item__image\" data-thumbnail=\"https:\/\/dgp.gouv.sn\/wp-content\/uploads\/2025\/01\/IMG-20250117-WA0005-300x225.jpg\" data-width=\"300\" data-height=\"225\" aria-label=\"\" role=\"img\" ><\/div>\n\t\t\t\t\t\t\t\t\t\t\t<div class=\"elementor-gallery-item__overlay\"><\/div>\n\t\t\t\t\t\t\t\t\t\t\t\t\t\t<\/a>\n\t\t\t\t\t\t\t<a class=\"e-gallery-item elementor-gallery-item elementor-animated-content\" href=\"https:\/\/dgp.gouv.sn\/wp-content\/uploads\/2025\/01\/IMG-20250117-WA0007.jpg\" data-elementor-open-lightbox=\"yes\" data-elementor-lightbox-slideshow=\"c712225\" data-elementor-lightbox-title=\"IMG-20250117-WA0007\" data-e-action-hash=\"#elementor-action%3Aaction%3Dlightbox%26settings%3DeyJpZCI6MjUyOSwidXJsIjoiaHR0cHM6XC9cL2RncC5nb3V2LnNuXC93cC1jb250ZW50XC91cGxvYWRzXC8yMDI1XC8wMVwvSU1HLTIwMjUwMTE3LVdBMDAwNy5qcGciLCJzbGlkZXNob3ciOiJjNzEyMjI1In0%3D\">\n\t\t\t\t\t<div class=\"e-gallery-image elementor-gallery-item__image\" data-thumbnail=\"https:\/\/dgp.gouv.sn\/wp-content\/uploads\/2025\/01\/IMG-20250117-WA0007-300x225.jpg\" data-width=\"300\" data-height=\"225\" aria-label=\"\" role=\"img\" ><\/div>\n\t\t\t\t\t\t\t\t\t\t\t<div class=\"elementor-gallery-item__overlay\"><\/div>\n\t\t\t\t\t\t\t\t\t\t\t\t\t\t<\/a>\n\t\t\t\t\t\t\t<a class=\"e-gallery-item elementor-gallery-item elementor-animated-content\" href=\"https:\/\/dgp.gouv.sn\/wp-content\/uploads\/2025\/01\/IMG-20250117-WA0008.jpg\" data-elementor-open-lightbox=\"yes\" data-elementor-lightbox-slideshow=\"c712225\" data-elementor-lightbox-title=\"IMG-20250117-WA0008\" data-e-action-hash=\"#elementor-action%3Aaction%3Dlightbox%26settings%3DeyJpZCI6MjUzMCwidXJsIjoiaHR0cHM6XC9cL2RncC5nb3V2LnNuXC93cC1jb250ZW50XC91cGxvYWRzXC8yMDI1XC8wMVwvSU1HLTIwMjUwMTE3LVdBMDAwOC5qcGciLCJzbGlkZXNob3ciOiJjNzEyMjI1In0%3D\">\n\t\t\t\t\t<div class=\"e-gallery-image elementor-gallery-item__image\" data-thumbnail=\"https:\/\/dgp.gouv.sn\/wp-content\/uploads\/2025\/01\/IMG-20250117-WA0008-300x225.jpg\" data-width=\"300\" data-height=\"225\" aria-label=\"\" role=\"img\" ><\/div>\n\t\t\t\t\t\t\t\t\t\t\t<div class=\"elementor-gallery-item__overlay\"><\/div>\n\t\t\t\t\t\t\t\t\t\t\t\t\t\t<\/a>\n\t\t\t\t\t\t\t<a class=\"e-gallery-item elementor-gallery-item elementor-animated-content\" href=\"https:\/\/dgp.gouv.sn\/wp-content\/uploads\/2025\/01\/IMG-20250117-WA0009.jpg\" data-elementor-open-lightbox=\"yes\" data-elementor-lightbox-slideshow=\"c712225\" data-elementor-lightbox-title=\"IMG-20250117-WA0009\" data-e-action-hash=\"#elementor-action%3Aaction%3Dlightbox%26settings%3DeyJpZCI6MjUzMSwidXJsIjoiaHR0cHM6XC9cL2RncC5nb3V2LnNuXC93cC1jb250ZW50XC91cGxvYWRzXC8yMDI1XC8wMVwvSU1HLTIwMjUwMTE3LVdBMDAwOS5qcGciLCJzbGlkZXNob3ciOiJjNzEyMjI1In0%3D\">\n\t\t\t\t\t<div class=\"e-gallery-image elementor-gallery-item__image\" data-thumbnail=\"https:\/\/dgp.gouv.sn\/wp-content\/uploads\/2025\/01\/IMG-20250117-WA0009-300x225.jpg\" data-width=\"300\" data-height=\"225\" aria-label=\"\" role=\"img\" ><\/div>\n\t\t\t\t\t\t\t\t\t\t\t<div class=\"elementor-gallery-item__overlay\"><\/div>\n\t\t\t\t\t\t\t\t\t\t\t\t\t\t<\/a>\n\t\t\t\t\t<\/div>\n\t\t\t\t\t<\/div>\n\t\t\t\t<\/div>\n\t\t\t\t\t<\/div>\n\t\t<\/div>\n\t\t\t\t\t<\/div>\n\t\t<\/section>\n\t\t\t\t<\/div>\n\t\t","protected":false},"excerpt":{"rendered":"<p>Rencontre le Gl Gaye et Dr Hassan Al Manakhera Vice Ministre saoudien du hajj<\/p>\n","protected":false},"author":1,"featured_media":2526,"comment_status":"closed","ping_status":"open","sticky":false,"template":"","format":"standard","meta":{"qubely_global_settings":"","qubely_interactions":"","_kad_post_transparent":"","_kad_post_title":"","_kad_post_layout":"","_kad_post_sidebar_id":"","_kad_post_content_style":"","_kad_post_vertical_padding":"","_kad_post_feature":"","_kad_post_feature_position":"","_kad_post_header":false,"_kad_post_footer":false,"footnotes":""},"categories":[22],"tags":[],"class_list":["post-2524","post","type-post","status-publish","format-standard","has-post-thumbnail","hentry","category-haut"],"qubely_featured_image_url":{"full":["https:\/\/dgp.gouv.sn\/wp-content\/uploads\/2025\/01\/IMG-20250117-WA00061.jpg",1600,1200,false],"landscape":["https:\/\/dgp.gouv.sn\/wp-content\/uploads\/2025\/01\/IMG-20250117-WA00061-1200x750.jpg",1200,750,true],"portraits":["https:\/\/dgp.gouv.sn\/wp-content\/uploads\/2025\/01\/IMG-20250117-WA00061-540x320.jpg",540,320,true],"thumbnail":["https:\/\/dgp.gouv.sn\/wp-content\/uploads\/2025\/01\/IMG-20250117-WA00061-150x150.jpg",150,150,true],"medium":["https:\/\/dgp.gouv.sn\/wp-content\/uploads\/2025\/01\/IMG-20250117-WA00061-300x225.jpg",300,225,true],"medium_large":["https:\/\/dgp.gouv.sn\/wp-content\/uploads\/2025\/01\/IMG-20250117-WA00061-768x576.jpg",768,576,true],"large":["https:\/\/dgp.gouv.sn\/wp-content\/uploads\/2025\/01\/IMG-20250117-WA00061-1024x768.jpg",1024,768,true],"1536x1536":["https:\/\/dgp.gouv.sn\/wp-content\/uploads\/2025\/01\/IMG-20250117-WA00061-1536x1152.jpg",1536,1152,true],"2048x2048":["https:\/\/dgp.gouv.sn\/wp-content\/uploads\/2025\/01\/IMG-20250117-WA00061.jpg",1600,1200,false],"qubely_landscape":["https:\/\/dgp.gouv.sn\/wp-content\/uploads\/2025\/01\/IMG-20250117-WA00061-1200x750.jpg",1200,750,true],"qubely_portrait":["https:\/\/dgp.gouv.sn\/wp-content\/uploads\/2025\/01\/IMG-20250117-WA00061-540x320.jpg",540,320,true],"qubely_thumbnail":["https:\/\/dgp.gouv.sn\/wp-content\/uploads\/2025\/01\/IMG-20250117-WA00061-140x100.jpg",140,100,true]},"qubely_author":{"display_name":"admindgp","author_link":"https:\/\/dgp.gouv.sn\/index.php\/author\/admindgp\/"},"qubely_comment":0,"qubely_category":"<a href=\"https:\/\/dgp.gouv.sn\/index.php\/category\/haut\/\" rel=\"category tag\">haut<\/a>","qubely_excerpt":"Rencontre le Gl Gaye et Dr Hassan Al Manakhera Vice Ministre saoudien du hajj","_links":{"self":[{"href":"https:\/\/dgp.gouv.sn\/index.php\/wp-json\/wp\/v2\/posts\/2524","targetHints":{"allow":["GET"]}}],"collection":[{"href":"https:\/\/dgp.gouv.sn\/index.php\/wp-json\/wp\/v2\/posts"}],"about":[{"href":"https:\/\/dgp.gouv.sn\/index.php\/wp-json\/wp\/v2\/types\/post"}],"author":[{"embeddable":true,"href":"https:\/\/dgp.gouv.sn\/index.php\/wp-json\/wp\/v2\/users\/1"}],"replies":[{"embeddable":true,"href":"https:\/\/dgp.gouv.sn\/index.php\/wp-json\/wp\/v2\/comments?post=2524"}],"version-history":[{"count":4,"href":"https:\/\/dgp.gouv.sn\/index.php\/wp-json\/wp\/v2\/posts\/2524\/revisions"}],"predecessor-version":[{"id":2534,"href":"https:\/\/dgp.gouv.sn\/index.php\/wp-json\/wp\/v2\/posts\/2524\/revisions\/2534"}],"wp:featuredmedia":[{"embeddable":true,"href":"https:\/\/dgp.gouv.sn\/index.php\/wp-json\/wp\/v2\/media\/2526"}],"wp:attachment":[{"href":"https:\/\/dgp.gouv.sn\/index.php\/wp-json\/wp\/v2\/media?parent=2524"}],"wp:term":[{"taxonomy":"category","embeddable":true,"href":"https:\/\/dgp.gouv.sn\/index.php\/wp-json\/wp\/v2\/categories?post=2524"},{"taxonomy":"post_tag","embeddable":true,"href":"https:\/\/dgp.gouv.sn\/index.php\/wp-json\/wp\/v2\/tags?post=2524"}],"curies":[{"name":"wp","href":"https:\/\/api.w.org\/{rel}","templated":true}]}}