{"id":2542,"date":"2025-01-23T09:59:14","date_gmt":"2025-01-23T08:59:14","guid":{"rendered":"https:\/\/dgp.gouv.sn\/?p=2542"},"modified":"2025-01-23T10:08:33","modified_gmt":"2025-01-23T09:08:33","slug":"partenariat-avec-le-journal-le-soleil","status":"publish","type":"post","link":"https:\/\/dgp.gouv.sn\/index.php\/2025\/01\/23\/partenariat-avec-le-journal-le-soleil\/","title":{"rendered":"Partenariat avec le Journal le Soleil"},"content":{"rendered":"\n<p>Le Mercredi 22 Janvier 2025, le G\u00e9n\u00e9ral Mamadou Gaye et son staff an visite au Quotidien National le Soleil a convenu d&rsquo;un partenariat avec le Directeur g\u00e9n\u00e9ral de \u00ab\u00a0l&rsquo;astre\u00a0\u00bb national Mr Lamine Niang.<br><br>Belle perspective qui offrira entre autres aux p\u00e8lerins un magazine sp\u00e9cial Haaj. Une sorte de guide pour le p\u00e8lerin dont le contenu fera l\u2019\u00e9conomie des exp\u00e9riences v\u00e9cues, de r\u00e9cits et d\u2019interviews.<br><br>le g\u00e9n\u00e9ral Mamadou Gaye a soulign\u00e9 l\u2019importance que rev\u00eat sa visite au \u00ab Soleil \u00bb, dont le soutien en termes d\u2019informations et de communication est un facteur cl\u00e9\u00a0pour att\u00e9nuer les difficult\u00e9s auxquelles les p\u00e8lerins font face.<br><br>En effet, pour le G\u00e9n\u00e9ral Gaye la DGP a \u00ab la responsabilit\u00e9 de pr\u00e9parer les p\u00e8lerins pour qu\u2019une fois qu\u2019ils sont confront\u00e9s \u00e0 certaines rigueurs de s\u00e9jour, qu\u2019ils puissent s\u2019y attendre. \u00bb<br>Il a regrett\u00e9 que \u00ab Malheureusement, on ne leur vend pas la bonne information ; on les fait miroiter. Et le premier choc, c\u2019est quand ils font face \u00e0 la dure r\u00e9alit\u00e9 \u00bb<br><br>Mr Lamine Niang, convaincu q&rsquo; \u00ab En tant que m\u00e9dia public investi d\u2019une mission de service public, l\u2019astre de Hann a le devoir et la responsabilit\u00e9 d\u2019accompagner le D\u00e9l\u00e9gu\u00e9 g\u00e9n\u00e9ral au p\u00e8lerinage aux Lieux saints de l\u2019Islam, parce que la r\u00e9ussite de celui-ci est celle du \u00a0\u00bb Soleil \u00a0\u00bb et des autorit\u00e9s \u00e9tatiques \u00bb. C\u2019est pourquoi, rassure t-il, le quotidien national fera tout le n\u00e9cessaire pour que les musulmans effectuant le Haaj et leurs familles soient le mieux inform\u00e9s possible. Ce, en amont et durant tout le long du p\u00e8lerinage.<\/p>\n","protected":false},"excerpt":{"rendered":"<p>la collaboration avec le journal le Soleil facteur cl\u00e9 pour la r\u00e9ussite de la communication et l&rsquo;information des p\u00e8lerins<\/p>\n","protected":false},"author":1,"featured_media":2543,"comment_status":"closed","ping_status":"open","sticky":false,"template":"","format":"standard","meta":{"qubely_global_settings":"","qubely_interactions":"","_kad_post_transparent":"","_kad_post_title":"","_kad_post_layout":"","_kad_post_sidebar_id":"","_kad_post_content_style":"","_kad_post_vertical_padding":"","_kad_post_feature":"","_kad_post_feature_position":"","_kad_post_header":false,"_kad_post_footer":false,"footnotes":""},"categories":[25],"tags":[],"class_list":["post-2542","post","type-post","status-publish","format-standard","has-post-thumbnail","hentry","category-activitesgl"],"qubely_featured_image_url":{"full":["https:\/\/dgp.gouv.sn\/wp-content\/uploads\/2025\/01\/soleil_0125.webp",900,600,false],"landscape":["https:\/\/dgp.gouv.sn\/wp-content\/uploads\/2025\/01\/soleil_0125.webp",900,600,false],"portraits":["https:\/\/dgp.gouv.sn\/wp-content\/uploads\/2025\/01\/soleil_0125-540x320.webp",540,320,true],"thumbnail":["https:\/\/dgp.gouv.sn\/wp-content\/uploads\/2025\/01\/soleil_0125-150x150.webp",150,150,true],"medium":["https:\/\/dgp.gouv.sn\/wp-content\/uploads\/2025\/01\/soleil_0125-300x200.webp",300,200,true],"medium_large":["https:\/\/dgp.gouv.sn\/wp-content\/uploads\/2025\/01\/soleil_0125-768x512.webp",768,512,true],"large":["https:\/\/dgp.gouv.sn\/wp-content\/uploads\/2025\/01\/soleil_0125.webp",900,600,false],"1536x1536":["https:\/\/dgp.gouv.sn\/wp-content\/uploads\/2025\/01\/soleil_0125.webp",900,600,false],"2048x2048":["https:\/\/dgp.gouv.sn\/wp-content\/uploads\/2025\/01\/soleil_0125.webp",900,600,false],"qubely_landscape":["https:\/\/dgp.gouv.sn\/wp-content\/uploads\/2025\/01\/soleil_0125.webp",900,600,false],"qubely_portrait":["https:\/\/dgp.gouv.sn\/wp-content\/uploads\/2025\/01\/soleil_0125-540x320.webp",540,320,true],"qubely_thumbnail":["https:\/\/dgp.gouv.sn\/wp-content\/uploads\/2025\/01\/soleil_0125-140x100.webp",140,100,true]},"qubely_author":{"display_name":"admindgp","author_link":"https:\/\/dgp.gouv.sn\/index.php\/author\/admindgp\/"},"qubely_comment":0,"qubely_category":"<a href=\"https:\/\/dgp.gouv.sn\/index.php\/category\/activitesgl\/\" rel=\"category tag\">activitesGl<\/a>","qubely_excerpt":"la collaboration avec le journal le Soleil facteur cl\u00e9 pour la r\u00e9ussite de la communication et l'information des p\u00e8lerins","_links":{"self":[{"href":"https:\/\/dgp.gouv.sn\/index.php\/wp-json\/wp\/v2\/posts\/2542","targetHints":{"allow":["GET"]}}],"collection":[{"href":"https:\/\/dgp.gouv.sn\/index.php\/wp-json\/wp\/v2\/posts"}],"about":[{"href":"https:\/\/dgp.gouv.sn\/index.php\/wp-json\/wp\/v2\/types\/post"}],"author":[{"embeddable":true,"href":"https:\/\/dgp.gouv.sn\/index.php\/wp-json\/wp\/v2\/users\/1"}],"replies":[{"embeddable":true,"href":"https:\/\/dgp.gouv.sn\/index.php\/wp-json\/wp\/v2\/comments?post=2542"}],"version-history":[{"count":3,"href":"https:\/\/dgp.gouv.sn\/index.php\/wp-json\/wp\/v2\/posts\/2542\/revisions"}],"predecessor-version":[{"id":2547,"href":"https:\/\/dgp.gouv.sn\/index.php\/wp-json\/wp\/v2\/posts\/2542\/revisions\/2547"}],"wp:featuredmedia":[{"embeddable":true,"href":"https:\/\/dgp.gouv.sn\/index.php\/wp-json\/wp\/v2\/media\/2543"}],"wp:attachment":[{"href":"https:\/\/dgp.gouv.sn\/index.php\/wp-json\/wp\/v2\/media?parent=2542"}],"wp:term":[{"taxonomy":"category","embeddable":true,"href":"https:\/\/dgp.gouv.sn\/index.php\/wp-json\/wp\/v2\/categories?post=2542"},{"taxonomy":"post_tag","embeddable":true,"href":"https:\/\/dgp.gouv.sn\/index.php\/wp-json\/wp\/v2\/tags?post=2542"}],"curies":[{"name":"wp","href":"https:\/\/api.w.org\/{rel}","templated":true}]}}